{"id":134,"date":"2012-07-02T08:21:00","date_gmt":"2012-07-02T06:21:00","guid":{"rendered":"http:\/\/testmydd.wordpress.com\/2012\/07\/02\/las-mermeladas"},"modified":"2024-08-27T14:07:57","modified_gmt":"2024-08-27T12:07:57","slug":"las-mermeladas","status":"publish","type":"post","link":"https:\/\/www.estudiahosteleria.com\/blog\/gastronomia\/las-mermeladas","title":{"rendered":"LAS MERMELADAS"},"content":{"rendered":"<div class=\"MsoNormal\" style=\"background: white; line-height: 14.25pt; margin-bottom: 0; text-align: justify;\"><span style=\"background-color: white; color: #333333; font-family: Helvetica, sans-serif; font-size: 10.5pt;\">Tal y como se comentaba en el post <a href=\"https:\/\/lacomidaestaservida.blogspot.com.es\/2012\/06\/productos-de-temporada-con-truco.html\">PRODUCTOS DE TEMPORADA CON TRUCO. PRIMAVERA I<\/a>, comienza la temporada de melocotones y albaricoques, frutas que a m\u00ed, personalmente, me encantan. <\/span><\/div>\n<div class=\"MsoNormal\" style=\"background: white; line-height: 14.25pt; margin-bottom: 0; text-align: justify;\"><\/div>\n<div class=\"MsoNormal\" style=\"background: white; line-height: 14.25pt; margin-bottom: 0; text-align: justify;\"><span style=\"background-color: white; color: #333333; font-family: Helvetica, sans-serif; font-size: 10.5pt;\">Una de las recomendaciones m\u00e1s importantes que nos hacen es que las comamos con piel (eso s\u00ed, bien limpia) ya que es donde se encuentra la mayor parte de vitaminas (m\u00e1s del 60%).<\/span><\/div>\n<div class=\"MsoNormal\" style=\"background: white; line-height: 14.25pt; margin-bottom: 0; text-align: justify;\"><\/div>\n<div class=\"MsoNormal\" style=\"background: white; line-height: 14.25pt; margin-bottom: 0; text-align: justify;\"><span style=\"background-color: white; color: #333333; font-family: Helvetica, sans-serif; font-size: 10.5pt;\">Es muy saludable y aconsejable comer fruta reci\u00e9n lavada\u00a0 pero para personas perezosas una opci\u00f3n muy recomendable son las mermeladas y las compotas.<\/span><\/div>\n<div class=\"MsoNormal\" style=\"background: white; line-height: 14.25pt; margin-bottom: 0; text-align: justify;\"><\/div>\n<div class=\"MsoNormal\" style=\"background: white; line-height: 14.25pt; margin-bottom: 0; text-align: justify;\"><span style=\"background-color: white; color: #333333; font-family: Helvetica, sans-serif; font-size: 10.5pt;\">El origen hist\u00f3rico de las mermeladas es objeto de debate, al igual que su origen etimol\u00f3gico. Lo que s\u00ed est\u00e1 claro es que su origen se remonta a conservaci\u00f3n de las frutas y las aplicaciones de las mieles, melazas y az\u00facar. Los pueblos de la Edad Antigua ya combinaban fruta, miel, semillas y flores para hacer confituras.<\/span><\/div>\n<div class=\"MsoNormal\" style=\"background: white; line-height: 14.25pt; margin-bottom: 0; text-align: justify;\"><a name=\"more\"><\/a><\/div>\n<div class=\"MsoNormal\" style=\"background: white; line-height: 14.25pt; margin-bottom: 0; text-align: justify;\"><span style=\"background-color: white; color: #333333; font-family: Helvetica, sans-serif; font-size: 10.5pt;\">Para su elaboraci\u00f3n es fundamental que las frutas est\u00e9n sanas y maduras (preferiblemente que todas ellas tengan el mismo grado de madurez). Aunque existen m\u00faltiples recetas para su preparaci\u00f3n, la proporci\u00f3n de az\u00facar, generalmente, es la misma que el peso de la fruta que empleemos (tambi\u00e9n depender\u00e1 del tipo, madurez, espesor, etc. de la fruta). Se pueden cocer en un alm\u00edbar hecho previamente con el az\u00facar o bien cocer directamente la fruta con el az\u00facar.<\/span><\/div>\n<div class=\"MsoNormal\" style=\"background: white; line-height: 14.25pt; margin-bottom: 0; text-align: justify;\"><\/div>\n<div class=\"MsoNormal\" style=\"background: white; line-height: 14.25pt; margin-bottom: 0; text-align: justify;\"><span style=\"background-color: white; color: #333333; font-family: Helvetica, sans-serif; font-size: 10.5pt;\">Las podemos encontrar en infinidad de formatos, marcas, sabores y variedades aunque a m\u00ed las de <b>BUBUB<\/b> me tienen robado el coraz\u00f3n.<b> <\/b><\/span><\/p>\n<div class=\"separator\" style=\"clear: both; text-align: center;\"><a style=\"margin-left: 1em; margin-right: 1em;\" href=\"https:\/\/www.estudiahosteleria.com\/blog\/wp-content\/uploads\/2012\/12\/2219722_3001.jpg?w=300\"><img decoding=\"async\" src=\"https:\/\/www.estudiahosteleria.com\/blog\/wp-content\/uploads\/2012\/12\/2219722_3001.jpg?w=300\" border=\"0\" \/><\/a><\/div>\n<p><span style=\"background-color: white; color: #333333; font-family: Helvetica, sans-serif; font-size: 10.5pt;\">\u00a0<\/span><\/p>\n<\/div>\n<div class=\"MsoNormal\" style=\"background: white; line-height: 14.25pt; margin-bottom: 0; text-align: center;\" align=\"center\"><\/div>\n<div class=\"separator\" style=\"clear: both; text-align: center;\"><\/div>\n<div class=\"MsoNormal\" style=\"background: white; line-height: 14.25pt; margin-bottom: 0; text-align: justify;\"><span style=\"background-color: white; color: #333333; font-family: Helvetica, sans-serif; font-size: 10.5pt; line-height: 14.25pt;\">\u00a1Qu\u00e9 maravilla haberlas encontrado!<\/span><\/div>\n<div class=\"MsoNormal\" style=\"background: white; line-height: 14.25pt; margin-bottom: 0; text-align: justify;\"><\/div>\n<div class=\"MsoNormal\" style=\"background: white; line-height: 14.25pt; margin-bottom: 0; text-align: justify;\"><span style=\"background-color: white; color: #333333; font-family: Helvetica, sans-serif; font-size: 10.5pt;\">Por primera vez las vi en la estanter\u00eda de un supermercado y ya me llamaron la atenci\u00f3n por sus sabores novedosos y divertidos pero, sobre todo, por el packaging.<\/span><\/div>\n<div><\/div>\n<div class=\"MsoNormal\" style=\"background: white; line-height: 14.25pt; margin-bottom: 0; text-align: justify;\"><span style=\"background-color: white; color: #333333; font-family: Helvetica, sans-serif; font-size: 10.5pt; line-height: 14.25pt;\">Lo \u00faltimo ha sido encontrar su p\u00e1gina web: https:\/\/www.bubub.es\/<\/span><\/div>\n<div class=\"MsoNormal\" style=\"background: white; line-height: 14.25pt; margin-bottom: 0; text-align: justify;\"><\/div>\n<div class=\"MsoNormal\" style=\"background: white; line-height: 14.25pt; margin-bottom: 0; text-align: justify;\"><span style=\"background-color: white; color: #333333; font-family: Helvetica, sans-serif; font-size: 10.5pt;\">Os recomiendo que le ech\u00e9is un vistazo y espero que os llev\u00e9is la misma impresi\u00f3n que me han causado a m\u00ed.<\/span><\/div>\n<div class=\"MsoNormal\" style=\"background: white; line-height: 14.25pt; margin-bottom: 0; text-align: justify;\"><\/div>\n<div class=\"MsoNormal\" style=\"background: white; line-height: 14.25pt; margin-bottom: 0; text-align: justify;\"><span style=\"background-color: white; color: #333333; font-family: Helvetica, sans-serif; font-size: 10.5pt;\">Lo mejor de todo es que son productos de la tierra, en concreto de Vera del Moncayo un peque\u00f1o pueblo de la comarca de Tarazona y el Moncayo (provincia de Zaragoza).<\/span><\/div>\n<div class=\"MsoNormal\" style=\"background: white; line-height: 14.25pt; margin-bottom: 0; text-align: justify;\"><\/div>\n<div class=\"MsoNormal\" style=\"background: white; line-height: 14.25pt; margin-bottom: 0; text-align: justify;\"><span style=\"background-color: white; color: #333333; font-family: Helvetica, sans-serif; font-size: 10.5pt;\">Unas mermeladas elaboradas con materia prima de primera calidad y como ellos mismos comentan en su p\u00e1gina: \u201c<i>fabricadas con frutas lavadas y peladas a mano una a una, cocinadas en nuestro coqueto obrador artesano con el justo punto de az\u00facar \u2013sin pasarse ni quedarse corto- y perfumadas con licores y especias que le dan un toque personal y \u00fanico, atrevido y diferente<\/i>\u201d.<\/span><\/div>\n<div class=\"MsoNormal\" style=\"background: white; line-height: 14.25pt; margin-bottom: 0; text-align: justify;\"><\/div>\n<div class=\"MsoNormal\" style=\"background: white; line-height: 14.25pt; margin-bottom: 0; text-align: justify;\"><span style=\"background-color: white; color: #333333; font-family: Helvetica, sans-serif; font-size: 10.5pt;\">En la p\u00e1gina encontrar\u00e9is la tienda online donde puedes comprar desde una mermelada de fresa con pimienta verde hasta una tem\u00e1tica de los Amantes de Teruel.<\/span><\/div>\n<div class=\"MsoNormal\" style=\"background: white; line-height: 14.25pt; margin-bottom: 0; text-align: justify;\"><\/div>\n<div class=\"MsoNormal\" style=\"background: white; line-height: 14.25pt; margin-bottom: 0; text-align: justify;\"><span style=\"background-color: white; color: #333333; font-family: Helvetica, sans-serif;\"><b>A disfrutarlas<\/b><\/span><span style=\"background-color: white; color: #333333; font-family: Helvetica, sans-serif; font-size: 10.5pt;\">.<\/span><\/div>\n<div class=\"MsoNormal\" style=\"background-color: white; background-position: initial initial; background-repeat: initial initial; line-height: 14.25pt; margin-bottom: .0001pt; text-align: right;\"><\/div>\n<div style=\"font-family: 'Helvetica Neue Light', HelveticaNeue-Light, 'Helvetica Neue', Helvetica, Arial, sans-serif; margin: 0; outline: none; padding: 0;\">\n<div style=\"text-align: right;\"><b><i>Rosa Dom\u00ednguez Jim\u00e9nez<\/i><\/b><\/div>\n<\/div>\n<div style=\"font-family: 'Helvetica Neue Light', HelveticaNeue-Light, 'Helvetica Neue', Helvetica, Arial, sans-serif; margin: 0; outline: none; padding: 0;\">\n<div style=\"text-align: right;\">Departamento tutorial<\/div>\n<\/div>\n<div class=\"MsoNormal\"><\/div>\n","protected":false},"excerpt":{"rendered":"<p>Tal y como se comentaba en el post PRODUCTOS DE TEMPORADA CON TRUCO. PRIMAVERA I, comienza la temporada de melocotones y albaricoques, frutas que a m\u00ed, personalmente, me encantan. Una de las recomendaciones m\u00e1s importantes que nos hacen es que las comamos con piel (eso s\u00ed, bien limpia) ya que es donde se encuentra la mayor parte de vitaminas (m\u00e1s del 60%). Es muy saludable y aconsejable comer fruta reci\u00e9n lavada\u00a0 pero para personas perezosas una opci\u00f3n muy recomendable son las mermeladas y las compotas. El origen hist\u00f3rico de las mermeladas es objeto de debate, al igual que su origen etimol\u00f3gico. Lo que s\u00ed est\u00e1 claro es que su origen se remonta a conservaci\u00f3n de las frutas y las aplicaciones de las mieles, melazas y az\u00facar. Los pueblos de la Edad Antigua ya combinaban fruta, miel, semillas y flores para hacer confituras. Para su elaboraci\u00f3n es fundamental que las frutas est\u00e9n sanas y maduras (preferiblemente que todas ellas tengan el mismo grado de madurez). Aunque existen m\u00faltiples recetas para su preparaci\u00f3n, la proporci\u00f3n de az\u00facar, generalmente, es la misma que el peso de la fruta que empleemos (tambi\u00e9n depender\u00e1 del tipo, madurez, espesor, etc. de la fruta). Se pueden cocer [&hellip;]<\/p>\n","protected":false},"author":4,"featured_media":0,"comment_status":"open","ping_status":"open","sticky":false,"template":"","format":"standard","meta":[],"categories":[553],"tags":[269,221],"yoast_head":"<!-- This site is optimized with the Yoast SEO plugin v20.11 - https:\/\/yoast.com\/wordpress\/plugins\/seo\/ -->\n<title>Gastronom\u00eda - LAS MERMELADAS<\/title>\n<meta name=\"robots\" content=\"index, follow, max-snippet:-1, max-image-preview:large, max-video-preview:-1\" \/>\n<link rel=\"canonical\" href=\"https:\/\/www.estudiahosteleria.com\/blog\/gastronomia\/las-mermeladas\" \/>\n<meta property=\"og:locale\" content=\"es_ES\" \/>\n<meta property=\"og:type\" content=\"article\" \/>\n<meta property=\"og:title\" content=\"Gastronom\u00eda - LAS MERMELADAS\" \/>\n<meta property=\"og:description\" content=\"Tal y como se comentaba en el post PRODUCTOS DE TEMPORADA CON TRUCO. PRIMAVERA I, comienza la temporada de melocotones y albaricoques, frutas que a m\u00ed, personalmente, me encantan. Una de las recomendaciones m\u00e1s importantes que nos hacen es que las comamos con piel (eso s\u00ed, bien limpia) ya que es donde se encuentra la mayor parte de vitaminas (m\u00e1s del 60%). Es muy saludable y aconsejable comer fruta reci\u00e9n lavada\u00a0 pero para personas perezosas una opci\u00f3n muy recomendable son las mermeladas y las compotas. El origen hist\u00f3rico de las mermeladas es objeto de debate, al igual que su origen etimol\u00f3gico. Lo que s\u00ed est\u00e1 claro es que su origen se remonta a conservaci\u00f3n de las frutas y las aplicaciones de las mieles, melazas y az\u00facar. Los pueblos de la Edad Antigua ya combinaban fruta, miel, semillas y flores para hacer confituras. Para su elaboraci\u00f3n es fundamental que las frutas est\u00e9n sanas y maduras (preferiblemente que todas ellas tengan el mismo grado de madurez). Aunque existen m\u00faltiples recetas para su preparaci\u00f3n, la proporci\u00f3n de az\u00facar, generalmente, es la misma que el peso de la fruta que empleemos (tambi\u00e9n depender\u00e1 del tipo, madurez, espesor, etc. de la fruta). Se pueden cocer [&hellip;]\" \/>\n<meta property=\"og:url\" content=\"https:\/\/www.estudiahosteleria.com\/blog\/gastronomia\/las-mermeladas\" \/>\n<meta property=\"og:site_name\" content=\"Blog de la Escuela ESAH\" \/>\n<meta property=\"article:publisher\" content=\"https:\/\/www.facebook.com\/CampusSEAS\" \/>\n<meta property=\"article:author\" content=\"https:\/\/www.facebook.com\/ESAHEstudiosSuperioresAbiertosdeHosteleria\" \/>\n<meta property=\"article:published_time\" content=\"2012-07-02T06:21:00+00:00\" \/>\n<meta property=\"article:modified_time\" content=\"2024-08-27T12:07:57+00:00\" \/>\n<meta property=\"og:image\" content=\"https:\/\/www.estudiahosteleria.com\/blog\/wp-content\/uploads\/2012\/12\/2219722_3001.jpg?w=300\" \/>\n<meta name=\"author\" content=\"ESAH, Estudios Superiores Abiertos de Hosteleria\" \/>\n<meta name=\"twitter:card\" content=\"summary_large_image\" \/>\n<meta name=\"twitter:creator\" content=\"@ESAH_Hosteleria\" \/>\n<meta name=\"twitter:site\" content=\"@Campus_SEAS\" \/>\n<meta name=\"twitter:label1\" content=\"Escrito por\" \/>\n\t<meta name=\"twitter:data1\" content=\"ESAH, Estudios Superiores Abiertos de Hosteleria\" \/>\n\t<meta name=\"twitter:label2\" content=\"Tiempo de lectura\" \/>\n\t<meta name=\"twitter:data2\" content=\"3 minutos\" \/>\n<script type=\"application\/ld+json\" class=\"yoast-schema-graph\">{\"@context\":\"https:\/\/schema.org\",\"@graph\":[{\"@type\":\"Article\",\"@id\":\"https:\/\/www.estudiahosteleria.com\/blog\/gastronomia\/las-mermeladas#article\",\"isPartOf\":{\"@id\":\"https:\/\/www.estudiahosteleria.com\/blog\/gastronomia\/las-mermeladas\"},\"author\":{\"name\":\"ESAH, Estudios Superiores Abiertos de Hosteleria\",\"@id\":\"https:\/\/www.estudiahosteleria.com\/blog\/#\/schema\/person\/712feeb21ab3b9d191082f4d83345860\"},\"headline\":\"LAS MERMELADAS\",\"datePublished\":\"2012-07-02T06:21:00+00:00\",\"dateModified\":\"2024-08-27T12:07:57+00:00\",\"mainEntityOfPage\":{\"@id\":\"https:\/\/www.estudiahosteleria.com\/blog\/gastronomia\/las-mermeladas\"},\"wordCount\":465,\"commentCount\":0,\"publisher\":{\"@id\":\"https:\/\/www.estudiahosteleria.com\/blog\/#organization\"},\"keywords\":[\"fruta\",\"vitaminas\"],\"articleSection\":[\"Gastronom\u00eda\"],\"inLanguage\":\"es\",\"potentialAction\":[{\"@type\":\"CommentAction\",\"name\":\"Comment\",\"target\":[\"https:\/\/www.estudiahosteleria.com\/blog\/gastronomia\/las-mermeladas#respond\"]}]},{\"@type\":\"WebPage\",\"@id\":\"https:\/\/www.estudiahosteleria.com\/blog\/gastronomia\/las-mermeladas\",\"url\":\"https:\/\/www.estudiahosteleria.com\/blog\/gastronomia\/las-mermeladas\",\"name\":\"Gastronom\u00eda - LAS MERMELADAS\",\"isPartOf\":{\"@id\":\"https:\/\/www.estudiahosteleria.com\/blog\/#website\"},\"datePublished\":\"2012-07-02T06:21:00+00:00\",\"dateModified\":\"2024-08-27T12:07:57+00:00\",\"inLanguage\":\"es\",\"potentialAction\":[{\"@type\":\"ReadAction\",\"target\":[\"https:\/\/www.estudiahosteleria.com\/blog\/gastronomia\/las-mermeladas\"]}]},{\"@type\":\"WebSite\",\"@id\":\"https:\/\/www.estudiahosteleria.com\/blog\/#website\",\"url\":\"https:\/\/www.estudiahosteleria.com\/blog\/\",\"name\":\"Blog de la Escuela ESAH\",\"description\":\"Blog de la Escuela ESAH, Estudios Superiores Abiertos de Hosteleria\",\"publisher\":{\"@id\":\"https:\/\/www.estudiahosteleria.com\/blog\/#organization\"},\"potentialAction\":[{\"@type\":\"SearchAction\",\"target\":{\"@type\":\"EntryPoint\",\"urlTemplate\":\"https:\/\/www.estudiahosteleria.com\/blog\/?s={search_term_string}\"},\"query-input\":\"required name=search_term_string\"}],\"inLanguage\":\"es\"},{\"@type\":\"Organization\",\"@id\":\"https:\/\/www.estudiahosteleria.com\/blog\/#organization\",\"name\":\"ESAH, Estudios Superiores Abiertos en Hosteler\u00eda\",\"url\":\"https:\/\/www.estudiahosteleria.com\/blog\/\",\"logo\":{\"@type\":\"ImageObject\",\"inLanguage\":\"es\",\"@id\":\"https:\/\/www.estudiahosteleria.com\/blog\/#\/schema\/logo\/image\/\",\"url\":\"https:\/\/www.estudiahosteleria.com\/blog\/wp-content\/uploads\/2018\/11\/imagen_twitter_blog_esah.jpg\",\"contentUrl\":\"https:\/\/www.estudiahosteleria.com\/blog\/wp-content\/uploads\/2018\/11\/imagen_twitter_blog_esah.jpg\",\"width\":512,\"height\":512,\"caption\":\"ESAH, Estudios Superiores Abiertos en Hosteler\u00eda\"},\"image\":{\"@id\":\"https:\/\/www.estudiahosteleria.com\/blog\/#\/schema\/logo\/image\/\"},\"sameAs\":[\"https:\/\/www.facebook.com\/CampusSEAS\",\"https:\/\/twitter.com\/Campus_SEAS\",\"https:\/\/www.instagram.com\/campus_seas\",\"http:\/\/www.linkedin.com\/company\/seas-estudios-superiores-abiertos\",\"https:\/\/www.youtube.com\/@Campus_SEAS\"]},{\"@type\":\"Person\",\"@id\":\"https:\/\/www.estudiahosteleria.com\/blog\/#\/schema\/person\/712feeb21ab3b9d191082f4d83345860\",\"name\":\"ESAH, Estudios Superiores Abiertos de Hosteleria\",\"image\":{\"@type\":\"ImageObject\",\"inLanguage\":\"es\",\"@id\":\"https:\/\/www.estudiahosteleria.com\/blog\/#\/schema\/person\/image\/\",\"url\":\"https:\/\/secure.gravatar.com\/avatar\/83814facda0759415a9a00ab271a1a26?s=96&r=g\",\"contentUrl\":\"https:\/\/secure.gravatar.com\/avatar\/83814facda0759415a9a00ab271a1a26?s=96&r=g\",\"caption\":\"ESAH, Estudios Superiores Abiertos de Hosteleria\"},\"description\":\"ESAH, Estudios Superiores Abiertos de Hosteler\u00eda es la escuela de restauraci\u00f3n y turismo online de referencia a nivel internacional de La Escuela de Hosteler\u00eda de Sevilla,\u00a0el Grupo Lezama, y SEAS, Estudios Superiores Abiertos (Grupo San Valero). Visita\u00a0EstudiaHosteleria.com\u00a0para consultar nuestra oferta formativa de\u00a0cursos y m\u00e1sters.\u00a0Formaci\u00f3n profesional para el empleo de calidad y accesible para todos.\",\"sameAs\":[\"https:\/\/www.estudiahosteleria.com\",\"https:\/\/www.facebook.com\/ESAHEstudiosSuperioresAbiertosdeHosteleria\",\"https:\/\/twitter.com\/ESAH_Hosteleria\"],\"url\":\"https:\/\/www.estudiahosteleria.com\/blog\/author\/adminseas\"}]}<\/script>\n<!-- \/ Yoast SEO plugin. -->","yoast_head_json":{"title":"Gastronom\u00eda - LAS MERMELADAS","robots":{"index":"index","follow":"follow","max-snippet":"max-snippet:-1","max-image-preview":"max-image-preview:large","max-video-preview":"max-video-preview:-1"},"canonical":"https:\/\/www.estudiahosteleria.com\/blog\/gastronomia\/las-mermeladas","og_locale":"es_ES","og_type":"article","og_title":"Gastronom\u00eda - LAS MERMELADAS","og_description":"Tal y como se comentaba en el post PRODUCTOS DE TEMPORADA CON TRUCO. PRIMAVERA I, comienza la temporada de melocotones y albaricoques, frutas que a m\u00ed, personalmente, me encantan. Una de las recomendaciones m\u00e1s importantes que nos hacen es que las comamos con piel (eso s\u00ed, bien limpia) ya que es donde se encuentra la mayor parte de vitaminas (m\u00e1s del 60%). Es muy saludable y aconsejable comer fruta reci\u00e9n lavada\u00a0 pero para personas perezosas una opci\u00f3n muy recomendable son las mermeladas y las compotas. El origen hist\u00f3rico de las mermeladas es objeto de debate, al igual que su origen etimol\u00f3gico. Lo que s\u00ed est\u00e1 claro es que su origen se remonta a conservaci\u00f3n de las frutas y las aplicaciones de las mieles, melazas y az\u00facar. Los pueblos de la Edad Antigua ya combinaban fruta, miel, semillas y flores para hacer confituras. Para su elaboraci\u00f3n es fundamental que las frutas est\u00e9n sanas y maduras (preferiblemente que todas ellas tengan el mismo grado de madurez). Aunque existen m\u00faltiples recetas para su preparaci\u00f3n, la proporci\u00f3n de az\u00facar, generalmente, es la misma que el peso de la fruta que empleemos (tambi\u00e9n depender\u00e1 del tipo, madurez, espesor, etc. de la fruta). Se pueden cocer [&hellip;]","og_url":"https:\/\/www.estudiahosteleria.com\/blog\/gastronomia\/las-mermeladas","og_site_name":"Blog de la Escuela ESAH","article_publisher":"https:\/\/www.facebook.com\/CampusSEAS","article_author":"https:\/\/www.facebook.com\/ESAHEstudiosSuperioresAbiertosdeHosteleria","article_published_time":"2012-07-02T06:21:00+00:00","article_modified_time":"2024-08-27T12:07:57+00:00","og_image":[{"url":"https:\/\/www.estudiahosteleria.com\/blog\/wp-content\/uploads\/2012\/12\/2219722_3001.jpg?w=300"}],"author":"ESAH, Estudios Superiores Abiertos de Hosteleria","twitter_card":"summary_large_image","twitter_creator":"@ESAH_Hosteleria","twitter_site":"@Campus_SEAS","twitter_misc":{"Escrito por":"ESAH, Estudios Superiores Abiertos de Hosteleria","Tiempo de lectura":"3 minutos"},"schema":{"@context":"https:\/\/schema.org","@graph":[{"@type":"Article","@id":"https:\/\/www.estudiahosteleria.com\/blog\/gastronomia\/las-mermeladas#article","isPartOf":{"@id":"https:\/\/www.estudiahosteleria.com\/blog\/gastronomia\/las-mermeladas"},"author":{"name":"ESAH, Estudios Superiores Abiertos de Hosteleria","@id":"https:\/\/www.estudiahosteleria.com\/blog\/#\/schema\/person\/712feeb21ab3b9d191082f4d83345860"},"headline":"LAS MERMELADAS","datePublished":"2012-07-02T06:21:00+00:00","dateModified":"2024-08-27T12:07:57+00:00","mainEntityOfPage":{"@id":"https:\/\/www.estudiahosteleria.com\/blog\/gastronomia\/las-mermeladas"},"wordCount":465,"commentCount":0,"publisher":{"@id":"https:\/\/www.estudiahosteleria.com\/blog\/#organization"},"keywords":["fruta","vitaminas"],"articleSection":["Gastronom\u00eda"],"inLanguage":"es","potentialAction":[{"@type":"CommentAction","name":"Comment","target":["https:\/\/www.estudiahosteleria.com\/blog\/gastronomia\/las-mermeladas#respond"]}]},{"@type":"WebPage","@id":"https:\/\/www.estudiahosteleria.com\/blog\/gastronomia\/las-mermeladas","url":"https:\/\/www.estudiahosteleria.com\/blog\/gastronomia\/las-mermeladas","name":"Gastronom\u00eda - LAS MERMELADAS","isPartOf":{"@id":"https:\/\/www.estudiahosteleria.com\/blog\/#website"},"datePublished":"2012-07-02T06:21:00+00:00","dateModified":"2024-08-27T12:07:57+00:00","inLanguage":"es","potentialAction":[{"@type":"ReadAction","target":["https:\/\/www.estudiahosteleria.com\/blog\/gastronomia\/las-mermeladas"]}]},{"@type":"WebSite","@id":"https:\/\/www.estudiahosteleria.com\/blog\/#website","url":"https:\/\/www.estudiahosteleria.com\/blog\/","name":"Blog de la Escuela ESAH","description":"Blog de la Escuela ESAH, Estudios Superiores Abiertos de Hosteleria","publisher":{"@id":"https:\/\/www.estudiahosteleria.com\/blog\/#organization"},"potentialAction":[{"@type":"SearchAction","target":{"@type":"EntryPoint","urlTemplate":"https:\/\/www.estudiahosteleria.com\/blog\/?s={search_term_string}"},"query-input":"required name=search_term_string"}],"inLanguage":"es"},{"@type":"Organization","@id":"https:\/\/www.estudiahosteleria.com\/blog\/#organization","name":"ESAH, Estudios Superiores Abiertos en Hosteler\u00eda","url":"https:\/\/www.estudiahosteleria.com\/blog\/","logo":{"@type":"ImageObject","inLanguage":"es","@id":"https:\/\/www.estudiahosteleria.com\/blog\/#\/schema\/logo\/image\/","url":"https:\/\/www.estudiahosteleria.com\/blog\/wp-content\/uploads\/2018\/11\/imagen_twitter_blog_esah.jpg","contentUrl":"https:\/\/www.estudiahosteleria.com\/blog\/wp-content\/uploads\/2018\/11\/imagen_twitter_blog_esah.jpg","width":512,"height":512,"caption":"ESAH, Estudios Superiores Abiertos en Hosteler\u00eda"},"image":{"@id":"https:\/\/www.estudiahosteleria.com\/blog\/#\/schema\/logo\/image\/"},"sameAs":["https:\/\/www.facebook.com\/CampusSEAS","https:\/\/twitter.com\/Campus_SEAS","https:\/\/www.instagram.com\/campus_seas","http:\/\/www.linkedin.com\/company\/seas-estudios-superiores-abiertos","https:\/\/www.youtube.com\/@Campus_SEAS"]},{"@type":"Person","@id":"https:\/\/www.estudiahosteleria.com\/blog\/#\/schema\/person\/712feeb21ab3b9d191082f4d83345860","name":"ESAH, Estudios Superiores Abiertos de Hosteleria","image":{"@type":"ImageObject","inLanguage":"es","@id":"https:\/\/www.estudiahosteleria.com\/blog\/#\/schema\/person\/image\/","url":"https:\/\/secure.gravatar.com\/avatar\/83814facda0759415a9a00ab271a1a26?s=96&r=g","contentUrl":"https:\/\/secure.gravatar.com\/avatar\/83814facda0759415a9a00ab271a1a26?s=96&r=g","caption":"ESAH, Estudios Superiores Abiertos de Hosteleria"},"description":"ESAH, Estudios Superiores Abiertos de Hosteler\u00eda es la escuela de restauraci\u00f3n y turismo online de referencia a nivel internacional de La Escuela de Hosteler\u00eda de Sevilla,\u00a0el Grupo Lezama, y SEAS, Estudios Superiores Abiertos (Grupo San Valero). Visita\u00a0EstudiaHosteleria.com\u00a0para consultar nuestra oferta formativa de\u00a0cursos y m\u00e1sters.\u00a0Formaci\u00f3n profesional para el empleo de calidad y accesible para todos.","sameAs":["https:\/\/www.estudiahosteleria.com","https:\/\/www.facebook.com\/ESAHEstudiosSuperioresAbiertosdeHosteleria","https:\/\/twitter.com\/ESAH_Hosteleria"],"url":"https:\/\/www.estudiahosteleria.com\/blog\/author\/adminseas"}]}},"_links":{"self":[{"href":"https:\/\/www.estudiahosteleria.com\/blog\/wp-json\/wp\/v2\/posts\/134"}],"collection":[{"href":"https:\/\/www.estudiahosteleria.com\/blog\/wp-json\/wp\/v2\/posts"}],"about":[{"href":"https:\/\/www.estudiahosteleria.com\/blog\/wp-json\/wp\/v2\/types\/post"}],"author":[{"embeddable":true,"href":"https:\/\/www.estudiahosteleria.com\/blog\/wp-json\/wp\/v2\/users\/4"}],"replies":[{"embeddable":true,"href":"https:\/\/www.estudiahosteleria.com\/blog\/wp-json\/wp\/v2\/comments?post=134"}],"version-history":[{"count":4,"href":"https:\/\/www.estudiahosteleria.com\/blog\/wp-json\/wp\/v2\/posts\/134\/revisions"}],"predecessor-version":[{"id":18367,"href":"https:\/\/www.estudiahosteleria.com\/blog\/wp-json\/wp\/v2\/posts\/134\/revisions\/18367"}],"wp:attachment":[{"href":"https:\/\/www.estudiahosteleria.com\/blog\/wp-json\/wp\/v2\/media?parent=134"}],"wp:term":[{"taxonomy":"category","embeddable":true,"href":"https:\/\/www.estudiahosteleria.com\/blog\/wp-json\/wp\/v2\/categories?post=134"},{"taxonomy":"post_tag","embeddable":true,"href":"https:\/\/www.estudiahosteleria.com\/blog\/wp-json\/wp\/v2\/tags?post=134"}],"curies":[{"name":"wp","href":"https:\/\/api.w.org\/{rel}","templated":true}]}}