{"id":14208,"date":"2021-10-04T06:00:00","date_gmt":"2021-10-04T04:00:00","guid":{"rendered":"https:\/\/www.estudiahosteleria.com\/blog\/?p=14208"},"modified":"2022-05-09T11:57:33","modified_gmt":"2022-05-09T09:57:33","slug":"francois-vatel-chef-murio-pescado","status":"publish","type":"post","link":"https:\/\/www.estudiahosteleria.com\/blog\/gastronomia\/francois-vatel-chef-murio-pescado","title":{"rendered":"Fran\u00e7ois Vatel: el chef que muri\u00f3 por un pescado que no lleg\u00f3 a tiempo"},"content":{"rendered":"\n<p>Que la gastronom\u00eda es una cosa seria no lo duda nadie. Pero hay quien lo lleva al extremo. El chef <strong>Fran\u00e7ois Vatel <\/strong>se suicid\u00f3 porque el pescado que ten\u00eda que servir no lleg\u00f3 a tiempo.<\/p>\n\n\n\n<p>Es cierto que Vatel no era un chef cualquiera, sino que era considerado el m\u00e1s importante de su \u00e9poca, se le llamaba \u201c<strong><em>El Gran Vatel<\/em><\/strong>\u201d y uno de sus m\u00e9ritos fue el de haber creado la <strong>crema Chantilly<\/strong>. Tampoco el banquete era uno cualquiera sino uno que ten\u00eda como protagonista al <strong>Rey Sol, Luis XIV de Francia<\/strong> y al que se hab\u00eda desplazado toda su corte.<\/p>\n\n\n\n<p>Fran\u00e7ois Vatel no era un simple cocinero sino todo un <strong>maestro de ceremonias<\/strong> que tras varios avatares del destino acab\u00f3 trabajando para el <strong>pr\u00edncipe&nbsp; Luis II de Borb\u00f3n-Cond\u00e9, el Gran Cond\u00e9<\/strong> en su palacio de Chantilly. Este pr\u00edncipe hab\u00eda ca\u00eddo en desgracia por haber participado en la <strong>rebeli\u00f3n de La Fronda<\/strong> contra Luis XIV y estaba al borde de la ruina.<\/p>\n\n\n\n<p>Pero en abril de 1671, vio la <strong>oportunidad de arreglar las cosas <\/strong>con el rey que finalmente acept\u00f3 su invitaci\u00f3n para acudir a su castillo durante tres d\u00edas. Obviamente, a donde iba el Rey Sol iba tambi\u00e9n toda su Corte. As\u00ed que en un tiempo m\u00ednimo, tan solo 15 d\u00edas, &nbsp;Vatel se vio obligado a preparar no solo un men\u00fa para agasajar tres d\u00edas con sus noches a todo Versalles (unas 3000 personas). Esto inclu\u00eda <strong>5 men\u00fas diarios<\/strong> que no pod\u00edan repetirse ning\u00fan d\u00eda.<\/p>\n\n\n\n<p>Pero tambi\u00e9n ten\u00eda que <strong>organizar espect\u00e1culos y actividades<\/strong> para que no se aburriesen. Se trataba de que su se\u00f1or recuperase la gracia y el perd\u00f3n del Rey, as\u00ed que todo deb\u00eda de salir a la perfecci\u00f3n y no hab\u00eda que reparar en gastos. Desde espect\u00e1culos teatrales a fuegos artificiales, recreaciones de batallas navales, etc. Vatel tambi\u00e9n <strong>distribuy\u00f3 a los invitados<\/strong> en las habitaciones y se encarg\u00f3 de tratar con los proveedores y de coordinar las cocinas.<\/p>\n\n\n\n<h2 class=\"wp-block-heading\">La presi\u00f3n y el concepto del honor vencieron a Vatel<\/h2>\n\n\n\n<p>Podemos decir que el gran chef ten\u00eda tanto estr\u00e9s que pr\u00e1cticamente era una olla a presi\u00f3n a punto de estallar. <strong>La primera noche ya surgi\u00f3 un problema<\/strong> ya que el asado no lleg\u00f3 a dos mesas, es decir, a 25 comensales (que a decir verdad hab\u00edan llegado por sorpresa. Y tambi\u00e9n fallaron los fuegos artificiales por cuestiones de la meteorolog\u00eda. Vatel se lo tom\u00f3 muy mal, pero hay que a\u00f1adir que llevaba noches sin dormir. El pr\u00edncipe le hizo una visita y consigui\u00f3 calmarlo.<\/p>\n\n\n\n<p>Pero al d\u00eda siguiente, a las cuatro de la ma\u00f1ana cuando todos dorm\u00edan, Vatel se apresuraba para comenzar su jornada. <strong>Sali\u00f3 a buscar el pescado<\/strong> que era el protagonista del men\u00fa del d\u00eda, pero para su consternaci\u00f3n <strong>solo vio llegar una carreta<\/strong>. Esper\u00f3 un rato y al ver que no llegaba m\u00e1s, se retir\u00f3 desolado a sus aposentos.<\/p>\n\n\n\n<p>Se cuenta que al poco tiempo, uno de sus ayudantes fue a avisarle de que el resto del pescado hab\u00eda llegado, pero Vatel sintiendo que hab\u00eda fracasado, <strong>ya&nbsp; se hab\u00eda suicidado atraves\u00e1ndose con una espada.<\/strong><\/p>\n\n\n\n<p>Si quer\u00e9is visualizar la historia, el director de cine <strong>Roland Joff\u00e9<\/strong> rod\u00f3 una pel\u00edcula titulada <strong><em>Vatel<\/em><\/strong> y protagonizada por G\u00e9rard Depardieu.<\/p>\n\n\n\n<p><span class=\"Apple-converted-space\">Si deseas iniciarte, actualizar tu formaci\u00f3n o especializarte en el mundo de la gastronom\u00eda, <a href=\"https:\/\/www.estudiahosteleria.com\/cocina?piloto=hw74\" target=\"_blank\" rel=\"noreferrer noopener\">esta es la formaci\u00f3n online en cocina que estabas buscando.<\/a><\/span><\/p>\n\n\n\n<div class=\"wp-block-buttons is-content-justification-center is-layout-flex\">\n<div class=\"wp-block-button\"><a class=\"wp-block-button__link has-white-color has-text-color has-background\" href=\"https:\/\/www.estudiahosteleria.com\/cocina?piloto=hw77\" style=\"border-radius:9px;background-color:#6d0c14\" target=\"_blank\" rel=\"noreferrer noopener\">\u00a1Inf\u00f3rmate sin compromiso!<\/a><\/div>\n<\/div>\n\n\n\n<hr class=\"wp-block-separator\"\/>\n\n\n\n<p id=\"block-8196dfea-5659-4ffa-914a-25f9c70249d4\">Si te ha parecido interesante este post y quieres ampliar conocimientos o promocionar en tu profesi\u00f3n&nbsp;te animamos a leer otros post de nuestro blog.<br>Recuerda que en&nbsp;<strong>ESAH<\/strong> ofrecemos una formaci\u00f3n espec\u00edfica en Hosteler\u00eda, Turismo, Enolog\u00eda, Gesti\u00f3n y Direcci\u00f3n, Organizaci\u00f3n de Eventos, Pasteler\u00eda y Cocina, puedes consultar toda nuestra oferta formativa en nuestra web: <a href=\"https:\/\/www.estudiahosteleria.com\/?piloto=w74\" target=\"_blank\" rel=\"noreferrer noopener\">www.estudiahosteleria.com<\/a><\/p>\n\n\n\n<div class=\"wp-block-image\"><figure class=\"aligncenter size-large is-resized\"><img decoding=\"async\" loading=\"lazy\" src=\"https:\/\/www.estudiahosteleria.com\/blog\/wp-content\/uploads\/2021\/03\/637x90_formacion_cocina_y_gastronomia.jpg\" alt=\"\" class=\"wp-image-13691\" width=\"708\" height=\"100\" srcset=\"https:\/\/www.estudiahosteleria.com\/blog\/wp-content\/uploads\/2021\/03\/637x90_formacion_cocina_y_gastronomia.jpg 637w, https:\/\/www.estudiahosteleria.com\/blog\/wp-content\/uploads\/2021\/03\/637x90_formacion_cocina_y_gastronomia-300x42.jpg 300w\" sizes=\"(max-width: 708px) 100vw, 708px\" \/><\/figure><\/div>\n","protected":false},"excerpt":{"rendered":"<p>Que la gastronom\u00eda es una cosa seria no lo duda nadie. Pero hay quien lo lleva al extremo. El chef Fran\u00e7ois Vatel se suicid\u00f3 porque el pescado que ten\u00eda que servir no lleg\u00f3 a tiempo. Es cierto que Vatel no era un chef cualquiera, sino que era considerado el m\u00e1s importante de su \u00e9poca, se le llamaba \u201cEl Gran Vatel\u201d y uno de sus m\u00e9ritos fue el de haber creado la crema Chantilly. Tampoco el banquete era uno cualquiera sino uno que ten\u00eda como protagonista al Rey Sol, Luis XIV de Francia y al que se hab\u00eda desplazado toda su corte. Fran\u00e7ois Vatel no era un simple cocinero sino todo un maestro de ceremonias que tras varios avatares del destino acab\u00f3 trabajando para el pr\u00edncipe&nbsp; Luis II de Borb\u00f3n-Cond\u00e9, el Gran Cond\u00e9 en su palacio de Chantilly. Este pr\u00edncipe hab\u00eda ca\u00eddo en desgracia por haber participado en la rebeli\u00f3n de La Fronda contra Luis XIV y estaba al borde de la ruina. Pero en abril de 1671, vio la oportunidad de arreglar las cosas con el rey que finalmente acept\u00f3 su invitaci\u00f3n para acudir a su castillo durante tres d\u00edas. Obviamente, a donde iba el Rey Sol iba tambi\u00e9n toda [&hellip;]<\/p>\n","protected":false},"author":35,"featured_media":14210,"comment_status":"open","ping_status":"open","sticky":false,"template":"","format":"standard","meta":[],"categories":[553],"tags":[644,1449,766,829,874,718],"yoast_head":"<!-- This site is optimized with the Yoast SEO plugin v20.11 - https:\/\/yoast.com\/wordpress\/plugins\/seo\/ -->\n<title>Gastronom\u00eda - Fran\u00e7ois Vatel: el chef que muri\u00f3 por un pescado que no lleg\u00f3 a tiempo<\/title>\n<meta name=\"description\" content=\"Que la gastronom\u00eda es una cosa seria no lo duda nadie. Pero hay quien lo lleva al extremo. El chef Fran\u00e7ois Vatel se suicid\u00f3 porque el pescado que ten\u00eda\" \/>\n<meta name=\"robots\" content=\"index, follow, max-snippet:-1, max-image-preview:large, max-video-preview:-1\" \/>\n<link rel=\"canonical\" href=\"https:\/\/www.estudiahosteleria.com\/blog\/gastronomia\/francois-vatel-chef-murio-pescado\" \/>\n<meta property=\"og:locale\" content=\"es_ES\" \/>\n<meta property=\"og:type\" content=\"article\" \/>\n<meta property=\"og:title\" content=\"Gastronom\u00eda - Fran\u00e7ois Vatel: el chef que muri\u00f3 por un pescado que no lleg\u00f3 a tiempo\" \/>\n<meta property=\"og:description\" content=\"Que la gastronom\u00eda es una cosa seria no lo duda nadie. Pero hay quien lo lleva al extremo. El chef Fran\u00e7ois Vatel se suicid\u00f3 porque el pescado que ten\u00eda\" \/>\n<meta property=\"og:url\" content=\"https:\/\/www.estudiahosteleria.com\/blog\/gastronomia\/francois-vatel-chef-murio-pescado\" \/>\n<meta property=\"og:site_name\" content=\"Blog de la Escuela ESAH\" \/>\n<meta property=\"article:publisher\" content=\"https:\/\/www.facebook.com\/CampusSEAS\" \/>\n<meta property=\"article:published_time\" content=\"2021-10-04T04:00:00+00:00\" \/>\n<meta property=\"article:modified_time\" content=\"2022-05-09T09:57:33+00:00\" \/>\n<meta property=\"og:image\" content=\"https:\/\/www.estudiahosteleria.com\/blog\/wp-content\/uploads\/2021\/06\/Vatel.jpg\" \/>\n\t<meta property=\"og:image:width\" content=\"637\" \/>\n\t<meta property=\"og:image:height\" content=\"240\" \/>\n\t<meta property=\"og:image:type\" content=\"image\/jpeg\" \/>\n<meta name=\"author\" content=\"Ana Reb\u00f3n\" \/>\n<meta name=\"twitter:card\" content=\"summary_large_image\" \/>\n<meta name=\"twitter:creator\" content=\"@Campus_SEAS\" \/>\n<meta name=\"twitter:site\" content=\"@Campus_SEAS\" \/>\n<meta name=\"twitter:label1\" content=\"Escrito por\" \/>\n\t<meta name=\"twitter:data1\" content=\"Ana Reb\u00f3n\" \/>\n\t<meta name=\"twitter:label2\" content=\"Tiempo de lectura\" \/>\n\t<meta name=\"twitter:data2\" content=\"3 minutos\" \/>\n<script type=\"application\/ld+json\" class=\"yoast-schema-graph\">{\"@context\":\"https:\/\/schema.org\",\"@graph\":[{\"@type\":\"Article\",\"@id\":\"https:\/\/www.estudiahosteleria.com\/blog\/gastronomia\/francois-vatel-chef-murio-pescado#article\",\"isPartOf\":{\"@id\":\"https:\/\/www.estudiahosteleria.com\/blog\/gastronomia\/francois-vatel-chef-murio-pescado\"},\"author\":{\"name\":\"Ana Reb\u00f3n\",\"@id\":\"https:\/\/www.estudiahosteleria.com\/blog\/#\/schema\/person\/f7f9391e11113d0ed818f18383af9ca2\"},\"headline\":\"Fran\u00e7ois Vatel: el chef que muri\u00f3 por un pescado que no lleg\u00f3 a tiempo\",\"datePublished\":\"2021-10-04T04:00:00+00:00\",\"dateModified\":\"2022-05-09T09:57:33+00:00\",\"mainEntityOfPage\":{\"@id\":\"https:\/\/www.estudiahosteleria.com\/blog\/gastronomia\/francois-vatel-chef-murio-pescado\"},\"wordCount\":701,\"commentCount\":0,\"publisher\":{\"@id\":\"https:\/\/www.estudiahosteleria.com\/blog\/#organization\"},\"keywords\":[\"gastronomia\",\"gastronom\u00eda espa\u00f1ola\",\"gastronom\u00eda y nutrici\u00f3n\",\"M\u00e1ster de Gastronomia\",\"M\u00e1ster en Gastronom\u00eda\",\"noticias gastronomia\"],\"articleSection\":[\"Gastronom\u00eda\"],\"inLanguage\":\"es\",\"potentialAction\":[{\"@type\":\"CommentAction\",\"name\":\"Comment\",\"target\":[\"https:\/\/www.estudiahosteleria.com\/blog\/gastronomia\/francois-vatel-chef-murio-pescado#respond\"]}]},{\"@type\":\"WebPage\",\"@id\":\"https:\/\/www.estudiahosteleria.com\/blog\/gastronomia\/francois-vatel-chef-murio-pescado\",\"url\":\"https:\/\/www.estudiahosteleria.com\/blog\/gastronomia\/francois-vatel-chef-murio-pescado\",\"name\":\"Gastronom\u00eda - Fran\u00e7ois Vatel: el chef que muri\u00f3 por un pescado que no lleg\u00f3 a tiempo\",\"isPartOf\":{\"@id\":\"https:\/\/www.estudiahosteleria.com\/blog\/#website\"},\"datePublished\":\"2021-10-04T04:00:00+00:00\",\"dateModified\":\"2022-05-09T09:57:33+00:00\",\"description\":\"Que la gastronom\u00eda es una cosa seria no lo duda nadie. Pero hay quien lo lleva al extremo. El chef Fran\u00e7ois Vatel se suicid\u00f3 porque el pescado que ten\u00eda\",\"inLanguage\":\"es\",\"potentialAction\":[{\"@type\":\"ReadAction\",\"target\":[\"https:\/\/www.estudiahosteleria.com\/blog\/gastronomia\/francois-vatel-chef-murio-pescado\"]}]},{\"@type\":\"WebSite\",\"@id\":\"https:\/\/www.estudiahosteleria.com\/blog\/#website\",\"url\":\"https:\/\/www.estudiahosteleria.com\/blog\/\",\"name\":\"Blog de la Escuela ESAH\",\"description\":\"Blog de la Escuela ESAH, Estudios Superiores Abiertos de Hosteleria\",\"publisher\":{\"@id\":\"https:\/\/www.estudiahosteleria.com\/blog\/#organization\"},\"potentialAction\":[{\"@type\":\"SearchAction\",\"target\":{\"@type\":\"EntryPoint\",\"urlTemplate\":\"https:\/\/www.estudiahosteleria.com\/blog\/?s={search_term_string}\"},\"query-input\":\"required name=search_term_string\"}],\"inLanguage\":\"es\"},{\"@type\":\"Organization\",\"@id\":\"https:\/\/www.estudiahosteleria.com\/blog\/#organization\",\"name\":\"ESAH, Estudios Superiores Abiertos en Hosteler\u00eda\",\"url\":\"https:\/\/www.estudiahosteleria.com\/blog\/\",\"logo\":{\"@type\":\"ImageObject\",\"inLanguage\":\"es\",\"@id\":\"https:\/\/www.estudiahosteleria.com\/blog\/#\/schema\/logo\/image\/\",\"url\":\"https:\/\/www.estudiahosteleria.com\/blog\/wp-content\/uploads\/2018\/11\/imagen_twitter_blog_esah.jpg\",\"contentUrl\":\"https:\/\/www.estudiahosteleria.com\/blog\/wp-content\/uploads\/2018\/11\/imagen_twitter_blog_esah.jpg\",\"width\":512,\"height\":512,\"caption\":\"ESAH, Estudios Superiores Abiertos en Hosteler\u00eda\"},\"image\":{\"@id\":\"https:\/\/www.estudiahosteleria.com\/blog\/#\/schema\/logo\/image\/\"},\"sameAs\":[\"https:\/\/www.facebook.com\/CampusSEAS\",\"https:\/\/twitter.com\/Campus_SEAS\",\"https:\/\/www.instagram.com\/campus_seas\",\"http:\/\/www.linkedin.com\/company\/seas-estudios-superiores-abiertos\",\"https:\/\/www.youtube.com\/@Campus_SEAS\"]},{\"@type\":\"Person\",\"@id\":\"https:\/\/www.estudiahosteleria.com\/blog\/#\/schema\/person\/f7f9391e11113d0ed818f18383af9ca2\",\"name\":\"Ana Reb\u00f3n\",\"image\":{\"@type\":\"ImageObject\",\"inLanguage\":\"es\",\"@id\":\"https:\/\/www.estudiahosteleria.com\/blog\/#\/schema\/person\/image\/\",\"url\":\"https:\/\/secure.gravatar.com\/avatar\/9594d6208061ad1eddc95db511642fe5?s=96&r=g\",\"contentUrl\":\"https:\/\/secure.gravatar.com\/avatar\/9594d6208061ad1eddc95db511642fe5?s=96&r=g\",\"caption\":\"Ana Reb\u00f3n\"},\"description\":\"ESAH, Estudios Superiores Abiertos de Hosteler\u00eda es la escuela de restauraci\u00f3n y turismo online de referencia a nivel internacional de La Escuela de Hosteler\u00eda de Sevilla,\u00a0el Grupo Lezama, y SEAS, Estudios Superiores Abiertos (Grupo San Valero). Visita\u00a0EstudiaHosteleria.com\u00a0para consultar nuestra oferta formativa de\u00a0cursos y m\u00e1sters.\u00a0Formaci\u00f3n profesional para el empleo de calidad y accesible para todos.\",\"url\":\"https:\/\/www.estudiahosteleria.com\/blog\/author\/ana-rebon\"}]}<\/script>\n<!-- \/ Yoast SEO plugin. -->","yoast_head_json":{"title":"Gastronom\u00eda - Fran\u00e7ois Vatel: el chef que muri\u00f3 por un pescado que no lleg\u00f3 a tiempo","description":"Que la gastronom\u00eda es una cosa seria no lo duda nadie. Pero hay quien lo lleva al extremo. El chef Fran\u00e7ois Vatel se suicid\u00f3 porque el pescado que ten\u00eda","robots":{"index":"index","follow":"follow","max-snippet":"max-snippet:-1","max-image-preview":"max-image-preview:large","max-video-preview":"max-video-preview:-1"},"canonical":"https:\/\/www.estudiahosteleria.com\/blog\/gastronomia\/francois-vatel-chef-murio-pescado","og_locale":"es_ES","og_type":"article","og_title":"Gastronom\u00eda - Fran\u00e7ois Vatel: el chef que muri\u00f3 por un pescado que no lleg\u00f3 a tiempo","og_description":"Que la gastronom\u00eda es una cosa seria no lo duda nadie. Pero hay quien lo lleva al extremo. El chef Fran\u00e7ois Vatel se suicid\u00f3 porque el pescado que ten\u00eda","og_url":"https:\/\/www.estudiahosteleria.com\/blog\/gastronomia\/francois-vatel-chef-murio-pescado","og_site_name":"Blog de la Escuela ESAH","article_publisher":"https:\/\/www.facebook.com\/CampusSEAS","article_published_time":"2021-10-04T04:00:00+00:00","article_modified_time":"2022-05-09T09:57:33+00:00","og_image":[{"width":637,"height":240,"url":"https:\/\/www.estudiahosteleria.com\/blog\/wp-content\/uploads\/2021\/06\/Vatel.jpg","type":"image\/jpeg"}],"author":"Ana Reb\u00f3n","twitter_card":"summary_large_image","twitter_creator":"@Campus_SEAS","twitter_site":"@Campus_SEAS","twitter_misc":{"Escrito por":"Ana Reb\u00f3n","Tiempo de lectura":"3 minutos"},"schema":{"@context":"https:\/\/schema.org","@graph":[{"@type":"Article","@id":"https:\/\/www.estudiahosteleria.com\/blog\/gastronomia\/francois-vatel-chef-murio-pescado#article","isPartOf":{"@id":"https:\/\/www.estudiahosteleria.com\/blog\/gastronomia\/francois-vatel-chef-murio-pescado"},"author":{"name":"Ana Reb\u00f3n","@id":"https:\/\/www.estudiahosteleria.com\/blog\/#\/schema\/person\/f7f9391e11113d0ed818f18383af9ca2"},"headline":"Fran\u00e7ois Vatel: el chef que muri\u00f3 por un pescado que no lleg\u00f3 a tiempo","datePublished":"2021-10-04T04:00:00+00:00","dateModified":"2022-05-09T09:57:33+00:00","mainEntityOfPage":{"@id":"https:\/\/www.estudiahosteleria.com\/blog\/gastronomia\/francois-vatel-chef-murio-pescado"},"wordCount":701,"commentCount":0,"publisher":{"@id":"https:\/\/www.estudiahosteleria.com\/blog\/#organization"},"keywords":["gastronomia","gastronom\u00eda espa\u00f1ola","gastronom\u00eda y nutrici\u00f3n","M\u00e1ster de Gastronomia","M\u00e1ster en Gastronom\u00eda","noticias gastronomia"],"articleSection":["Gastronom\u00eda"],"inLanguage":"es","potentialAction":[{"@type":"CommentAction","name":"Comment","target":["https:\/\/www.estudiahosteleria.com\/blog\/gastronomia\/francois-vatel-chef-murio-pescado#respond"]}]},{"@type":"WebPage","@id":"https:\/\/www.estudiahosteleria.com\/blog\/gastronomia\/francois-vatel-chef-murio-pescado","url":"https:\/\/www.estudiahosteleria.com\/blog\/gastronomia\/francois-vatel-chef-murio-pescado","name":"Gastronom\u00eda - Fran\u00e7ois Vatel: el chef que muri\u00f3 por un pescado que no lleg\u00f3 a tiempo","isPartOf":{"@id":"https:\/\/www.estudiahosteleria.com\/blog\/#website"},"datePublished":"2021-10-04T04:00:00+00:00","dateModified":"2022-05-09T09:57:33+00:00","description":"Que la gastronom\u00eda es una cosa seria no lo duda nadie. Pero hay quien lo lleva al extremo. El chef Fran\u00e7ois Vatel se suicid\u00f3 porque el pescado que ten\u00eda","inLanguage":"es","potentialAction":[{"@type":"ReadAction","target":["https:\/\/www.estudiahosteleria.com\/blog\/gastronomia\/francois-vatel-chef-murio-pescado"]}]},{"@type":"WebSite","@id":"https:\/\/www.estudiahosteleria.com\/blog\/#website","url":"https:\/\/www.estudiahosteleria.com\/blog\/","name":"Blog de la Escuela ESAH","description":"Blog de la Escuela ESAH, Estudios Superiores Abiertos de Hosteleria","publisher":{"@id":"https:\/\/www.estudiahosteleria.com\/blog\/#organization"},"potentialAction":[{"@type":"SearchAction","target":{"@type":"EntryPoint","urlTemplate":"https:\/\/www.estudiahosteleria.com\/blog\/?s={search_term_string}"},"query-input":"required name=search_term_string"}],"inLanguage":"es"},{"@type":"Organization","@id":"https:\/\/www.estudiahosteleria.com\/blog\/#organization","name":"ESAH, Estudios Superiores Abiertos en Hosteler\u00eda","url":"https:\/\/www.estudiahosteleria.com\/blog\/","logo":{"@type":"ImageObject","inLanguage":"es","@id":"https:\/\/www.estudiahosteleria.com\/blog\/#\/schema\/logo\/image\/","url":"https:\/\/www.estudiahosteleria.com\/blog\/wp-content\/uploads\/2018\/11\/imagen_twitter_blog_esah.jpg","contentUrl":"https:\/\/www.estudiahosteleria.com\/blog\/wp-content\/uploads\/2018\/11\/imagen_twitter_blog_esah.jpg","width":512,"height":512,"caption":"ESAH, Estudios Superiores Abiertos en Hosteler\u00eda"},"image":{"@id":"https:\/\/www.estudiahosteleria.com\/blog\/#\/schema\/logo\/image\/"},"sameAs":["https:\/\/www.facebook.com\/CampusSEAS","https:\/\/twitter.com\/Campus_SEAS","https:\/\/www.instagram.com\/campus_seas","http:\/\/www.linkedin.com\/company\/seas-estudios-superiores-abiertos","https:\/\/www.youtube.com\/@Campus_SEAS"]},{"@type":"Person","@id":"https:\/\/www.estudiahosteleria.com\/blog\/#\/schema\/person\/f7f9391e11113d0ed818f18383af9ca2","name":"Ana Reb\u00f3n","image":{"@type":"ImageObject","inLanguage":"es","@id":"https:\/\/www.estudiahosteleria.com\/blog\/#\/schema\/person\/image\/","url":"https:\/\/secure.gravatar.com\/avatar\/9594d6208061ad1eddc95db511642fe5?s=96&r=g","contentUrl":"https:\/\/secure.gravatar.com\/avatar\/9594d6208061ad1eddc95db511642fe5?s=96&r=g","caption":"Ana Reb\u00f3n"},"description":"ESAH, Estudios Superiores Abiertos de Hosteler\u00eda es la escuela de restauraci\u00f3n y turismo online de referencia a nivel internacional de La Escuela de Hosteler\u00eda de Sevilla,\u00a0el Grupo Lezama, y SEAS, Estudios Superiores Abiertos (Grupo San Valero). Visita\u00a0EstudiaHosteleria.com\u00a0para consultar nuestra oferta formativa de\u00a0cursos y m\u00e1sters.\u00a0Formaci\u00f3n profesional para el empleo de calidad y accesible para todos.","url":"https:\/\/www.estudiahosteleria.com\/blog\/author\/ana-rebon"}]}},"_links":{"self":[{"href":"https:\/\/www.estudiahosteleria.com\/blog\/wp-json\/wp\/v2\/posts\/14208"}],"collection":[{"href":"https:\/\/www.estudiahosteleria.com\/blog\/wp-json\/wp\/v2\/posts"}],"about":[{"href":"https:\/\/www.estudiahosteleria.com\/blog\/wp-json\/wp\/v2\/types\/post"}],"author":[{"embeddable":true,"href":"https:\/\/www.estudiahosteleria.com\/blog\/wp-json\/wp\/v2\/users\/35"}],"replies":[{"embeddable":true,"href":"https:\/\/www.estudiahosteleria.com\/blog\/wp-json\/wp\/v2\/comments?post=14208"}],"version-history":[{"count":3,"href":"https:\/\/www.estudiahosteleria.com\/blog\/wp-json\/wp\/v2\/posts\/14208\/revisions"}],"predecessor-version":[{"id":15349,"href":"https:\/\/www.estudiahosteleria.com\/blog\/wp-json\/wp\/v2\/posts\/14208\/revisions\/15349"}],"wp:featuredmedia":[{"embeddable":true,"href":"https:\/\/www.estudiahosteleria.com\/blog\/wp-json\/wp\/v2\/media\/14210"}],"wp:attachment":[{"href":"https:\/\/www.estudiahosteleria.com\/blog\/wp-json\/wp\/v2\/media?parent=14208"}],"wp:term":[{"taxonomy":"category","embeddable":true,"href":"https:\/\/www.estudiahosteleria.com\/blog\/wp-json\/wp\/v2\/categories?post=14208"},{"taxonomy":"post_tag","embeddable":true,"href":"https:\/\/www.estudiahosteleria.com\/blog\/wp-json\/wp\/v2\/tags?post=14208"}],"curies":[{"name":"wp","href":"https:\/\/api.w.org\/{rel}","templated":true}]}}