{"id":15109,"date":"2022-04-04T06:00:00","date_gmt":"2022-04-04T04:00:00","guid":{"rendered":"https:\/\/www.estudiahosteleria.com\/blog\/?p=15109"},"modified":"2022-04-06T10:06:19","modified_gmt":"2022-04-06T08:06:19","slug":"analizamos-los-errores-de-etiqueta-de-la-boda-de-alvaro-falco-e-isabelle-junot","status":"publish","type":"post","link":"https:\/\/www.estudiahosteleria.com\/blog\/organizacion-eventos-protocolo\/analizamos-los-errores-de-etiqueta-de-la-boda-de-alvaro-falco-e-isabelle-junot","title":{"rendered":"Analizamos los errores de etiqueta de la boda de \u00c1lvaro Falc\u00f3 e Isabelle Junot"},"content":{"rendered":"\n<p>El enlace, celebrado el primer fin de semana de abril en el Palacio de Mirabel en Plasencia, ha congregado a doscientos cincuenta invitados. Algunos asistentes no han respetado las normas de etiqueta de las bodas celebradas por la ma\u00f1ana. Esta boda ha reunido ha numerosos rostros conocidos de la aristocracia espa\u00f1ola y al ser un evento de ma\u00f1ana, la mayor\u00eda de invitados se ha decantado por chaqu\u00e9s y vestidos primaverales.<\/p>\n\n\n\n<p>Entre los hombres, como dec\u00edamos ha primado el chaqu\u00e9, el estilismo m\u00e1s recomendado para bodas, mientras que entre las mujeres ha habido m\u00e1s diversidad de looks, y es que la primavera y el sol radiante ha competido con las bajas temperaturas que ha registrado esta ma\u00f1ana la ciudad palentina. Sandalias, pamelas y hasta minifaldas han desfilado junto a otras invitadas que han preferido guarecerse del fr\u00edo con guantes y estolas de piel.<\/p>\n\n\n\n<h2 class=\"wp-block-heading\"><strong>Errores de etiqueta<\/strong><\/h2>\n\n\n\n<h3 class=\"wp-block-heading\"><strong>Eugenia Silva<\/strong><\/h3>\n\n\n\n<p>La modelo <strong>Eugenia Silva<\/strong> ha confundido lo que es un evento social con una gala de cine. Su vestido drapeado de color ocre (firmado por Alexandre Vauthier)&nbsp; es mucho m\u00e1s adecuado para ir a recoger un premio que para asistir a un enlace cat\u00f3lico.<\/p>\n\n\n\n<p>Una de las m\u00e1ximas de la etiqueta para las mujeres es que no deben llamar m\u00e1s la atenci\u00f3n que la novia, y que en la iglesia los vestidos tienen que ser comedidos. Desde luego, un escote profundo en v hasta la cintura y la abertura de esa falda drapeada hace totalmente inapropiado el outfit de la modelo.<\/p>\n\n\n\n<h3 class=\"wp-block-heading\"><strong>Zeynep Alp<\/strong><\/h3>\n\n\n\n<p><strong>Zeynep Alp<\/strong>, amiga y ex compa\u00f1era de piso de la novia, ha llegado al Palacio acompa\u00f1ada de su marido, <strong>Michael Lisman<\/strong>, sin quitarse ni un momento las gafas de sol. Las normas de etiqueta rezan que este accesorio no deber\u00eda lucirse jam\u00e1s en un evento de tal importancia, pues empobrece el outfit. Mejor reservarlo para momentos m\u00e1s informales.<\/p>\n\n\n\n<h3 class=\"wp-block-heading\"><strong>Marina G\u00f3mez de Baeza<\/strong><\/h3>\n\n\n\n<p>La hija de Pedro G\u00f3mez de Baeza (presidente del banco de inversi\u00f3n GBS Finance), la analista financiera <strong>Marina G\u00f3mez de Baeza<\/strong> ha desfilado hasta el Palacio del brazo de su amiga <strong>Sarah Daisey Clark<\/strong>. Mientras que la analista ha lucido un outfit completamente negro (color prohibido en las bodas, ya que se relaciona con los funerales), su amiga ha llevado un vestido camisero demasiado corto.<\/p>\n\n\n\n<p>Hay que recordar que aunque en las bodas de d\u00eda est\u00e1n recomendados los vestidos cortos, por \u201ccorto\u201d hay que entender la altura de la rodilla o unos palmos por encima de esta, m\u00e1xime cuando se trata de un enlace religioso.<\/p>\n\n\n\n<h3 class=\"wp-block-heading\"><strong>Jaime Eduardo Castello<\/strong><\/h3>\n\n\n\n<p>Otra amiga de Isabelle Junot, Nicolle Brolo, ha llegado a la boda acompa\u00f1ada de Jaime Eduardo Castello, su marido, quien ha considerado acertado vestir un traje azul marino con pantalones excesivamente pitillos acompa\u00f1ados de corbata morada, calcetines rojos y mocasines marrones. Sin comentarios.<\/p>\n\n\n\n<h3 class=\"wp-block-heading\"><strong>Hubertus de Hohenlohe<\/strong><\/h3>\n\n\n\n<p>Cuando vistes de manera exc\u00e9ntrica, nadie se espera que cambies tu atuendo por mucha boda a la que acudas, y este es el caso <strong>de Hubertus de Hohenlohe<\/strong>, quien no ha faltado a la cita y ha llevado un peculiar traje a rayas de chaqueta cruzada.<\/p>\n\n\n\n<h3 class=\"wp-block-heading\"><strong>Ver\u00f3nica Godoy Ynzenga<\/strong><\/h3>\n\n\n\n<p>Digno de an\u00e1lisis es la aparici\u00f3n de <strong>Ver\u00f3nica Godoy Ynzenga<\/strong> y <strong>Jaime P\u00e9rez-Pla<\/strong>. Mientras que \u00e9l se ha presentado sin peinar y con una bolsa de pl\u00e1stico en la mano <em>(\u00bfir\u00eda dentro el regalo para los novios<\/em>?), la gerente de marca de la empresa \u201cCrudit\u00e9\u201d ha lucido una chaquetilla de piel junto a un vestido excesivamente veraniego y con una abertura inadecuada para ceremonias que se celebran en una iglesia. No hac\u00eda la temperatura ni era el momento de lucir muslos.<\/p>\n","protected":false},"excerpt":{"rendered":"<p>El enlace, celebrado el primer fin de semana de abril en el Palacio de Mirabel en Plasencia, ha congregado a doscientos cincuenta invitados. Algunos asistentes no han respetado las normas de etiqueta de las bodas celebradas por la ma\u00f1ana. Esta boda ha reunido ha numerosos rostros conocidos de la aristocracia espa\u00f1ola y al ser un evento de ma\u00f1ana, la mayor\u00eda de invitados se ha decantado por chaqu\u00e9s y vestidos primaverales. Entre los hombres, como dec\u00edamos ha primado el chaqu\u00e9, el estilismo m\u00e1s recomendado para bodas, mientras que entre las mujeres ha habido m\u00e1s diversidad de looks, y es que la primavera y el sol radiante ha competido con las bajas temperaturas que ha registrado esta ma\u00f1ana la ciudad palentina. Sandalias, pamelas y hasta minifaldas han desfilado junto a otras invitadas que han preferido guarecerse del fr\u00edo con guantes y estolas de piel. Errores de etiqueta Eugenia Silva La modelo Eugenia Silva ha confundido lo que es un evento social con una gala de cine. Su vestido drapeado de color ocre (firmado por Alexandre Vauthier)&nbsp; es mucho m\u00e1s adecuado para ir a recoger un premio que para asistir a un enlace cat\u00f3lico. Una de las m\u00e1ximas de la etiqueta para las [&hellip;]<\/p>\n","protected":false},"author":23,"featured_media":15110,"comment_status":"open","ping_status":"closed","sticky":false,"template":"","format":"standard","meta":[],"categories":[1048],"tags":[],"yoast_head":"<!-- This site is optimized with the Yoast SEO plugin v20.11 - https:\/\/yoast.com\/wordpress\/plugins\/seo\/ -->\n<title>Organizaci\u00f3n de eventos y protocolo - Analizamos los errores de etiqueta de la boda de \u00c1lvaro Falc\u00f3 e Isabelle Junot<\/title>\n<meta name=\"robots\" content=\"index, follow, max-snippet:-1, max-image-preview:large, max-video-preview:-1\" \/>\n<link rel=\"canonical\" href=\"https:\/\/www.estudiahosteleria.com\/blog\/organizacion-eventos-protocolo\/analizamos-los-errores-de-etiqueta-de-la-boda-de-alvaro-falco-e-isabelle-junot\" \/>\n<meta property=\"og:locale\" content=\"es_ES\" \/>\n<meta property=\"og:type\" content=\"article\" \/>\n<meta property=\"og:title\" content=\"Organizaci\u00f3n de eventos y protocolo - Analizamos los errores de etiqueta de la boda de \u00c1lvaro Falc\u00f3 e Isabelle Junot\" \/>\n<meta property=\"og:description\" content=\"El enlace, celebrado el primer fin de semana de abril en el Palacio de Mirabel en Plasencia, ha congregado a doscientos cincuenta invitados. Algunos asistentes no han respetado las normas de etiqueta de las bodas celebradas por la ma\u00f1ana. Esta boda ha reunido ha numerosos rostros conocidos de la aristocracia espa\u00f1ola y al ser un evento de ma\u00f1ana, la mayor\u00eda de invitados se ha decantado por chaqu\u00e9s y vestidos primaverales. Entre los hombres, como dec\u00edamos ha primado el chaqu\u00e9, el estilismo m\u00e1s recomendado para bodas, mientras que entre las mujeres ha habido m\u00e1s diversidad de looks, y es que la primavera y el sol radiante ha competido con las bajas temperaturas que ha registrado esta ma\u00f1ana la ciudad palentina. Sandalias, pamelas y hasta minifaldas han desfilado junto a otras invitadas que han preferido guarecerse del fr\u00edo con guantes y estolas de piel. Errores de etiqueta Eugenia Silva La modelo Eugenia Silva ha confundido lo que es un evento social con una gala de cine. Su vestido drapeado de color ocre (firmado por Alexandre Vauthier)&nbsp; es mucho m\u00e1s adecuado para ir a recoger un premio que para asistir a un enlace cat\u00f3lico. Una de las m\u00e1ximas de la etiqueta para las [&hellip;]\" \/>\n<meta property=\"og:url\" content=\"https:\/\/www.estudiahosteleria.com\/blog\/organizacion-eventos-protocolo\/analizamos-los-errores-de-etiqueta-de-la-boda-de-alvaro-falco-e-isabelle-junot\" \/>\n<meta property=\"og:site_name\" content=\"Blog de la Escuela ESAH\" \/>\n<meta property=\"article:publisher\" content=\"https:\/\/www.facebook.com\/CampusSEAS\" \/>\n<meta property=\"article:author\" content=\"https:\/\/www.facebook.com\/ESAHEstudiosSuperioresAbiertosdeHosteleria\" \/>\n<meta property=\"article:published_time\" content=\"2022-04-04T04:00:00+00:00\" \/>\n<meta property=\"article:modified_time\" content=\"2022-04-06T08:06:19+00:00\" \/>\n<meta property=\"og:image\" content=\"https:\/\/www.estudiahosteleria.com\/blog\/wp-content\/uploads\/2022\/04\/Sin-titulo-1.jpg\" \/>\n\t<meta property=\"og:image:width\" content=\"637\" \/>\n\t<meta property=\"og:image:height\" content=\"240\" \/>\n\t<meta property=\"og:image:type\" content=\"image\/jpeg\" \/>\n<meta name=\"author\" content=\"Maira \u00c1lvarez Mateos\" \/>\n<meta name=\"twitter:card\" content=\"summary_large_image\" \/>\n<meta name=\"twitter:creator\" content=\"@ESAH_Hosteleria\" \/>\n<meta name=\"twitter:site\" content=\"@Campus_SEAS\" \/>\n<meta name=\"twitter:label1\" content=\"Escrito por\" \/>\n\t<meta name=\"twitter:data1\" content=\"Maira \u00c1lvarez Mateos\" \/>\n\t<meta name=\"twitter:label2\" content=\"Tiempo de lectura\" \/>\n\t<meta name=\"twitter:data2\" content=\"3 minutos\" \/>\n<script type=\"application\/ld+json\" class=\"yoast-schema-graph\">{\"@context\":\"https:\/\/schema.org\",\"@graph\":[{\"@type\":\"Article\",\"@id\":\"https:\/\/www.estudiahosteleria.com\/blog\/organizacion-eventos-protocolo\/analizamos-los-errores-de-etiqueta-de-la-boda-de-alvaro-falco-e-isabelle-junot#article\",\"isPartOf\":{\"@id\":\"https:\/\/www.estudiahosteleria.com\/blog\/organizacion-eventos-protocolo\/analizamos-los-errores-de-etiqueta-de-la-boda-de-alvaro-falco-e-isabelle-junot\"},\"author\":{\"name\":\"Maira \u00c1lvarez Mateos\",\"@id\":\"https:\/\/www.estudiahosteleria.com\/blog\/#\/schema\/person\/942b7ca24ec75db1045ea3347f11fe24\"},\"headline\":\"Analizamos los errores de etiqueta de la boda de \u00c1lvaro Falc\u00f3 e Isabelle Junot\",\"datePublished\":\"2022-04-04T04:00:00+00:00\",\"dateModified\":\"2022-04-06T08:06:19+00:00\",\"mainEntityOfPage\":{\"@id\":\"https:\/\/www.estudiahosteleria.com\/blog\/organizacion-eventos-protocolo\/analizamos-los-errores-de-etiqueta-de-la-boda-de-alvaro-falco-e-isabelle-junot\"},\"wordCount\":649,\"commentCount\":0,\"publisher\":{\"@id\":\"https:\/\/www.estudiahosteleria.com\/blog\/#organization\"},\"articleSection\":[\"Organizaci\u00f3n de eventos y protocolo\"],\"inLanguage\":\"es\",\"potentialAction\":[{\"@type\":\"CommentAction\",\"name\":\"Comment\",\"target\":[\"https:\/\/www.estudiahosteleria.com\/blog\/organizacion-eventos-protocolo\/analizamos-los-errores-de-etiqueta-de-la-boda-de-alvaro-falco-e-isabelle-junot#respond\"]}]},{\"@type\":\"WebPage\",\"@id\":\"https:\/\/www.estudiahosteleria.com\/blog\/organizacion-eventos-protocolo\/analizamos-los-errores-de-etiqueta-de-la-boda-de-alvaro-falco-e-isabelle-junot\",\"url\":\"https:\/\/www.estudiahosteleria.com\/blog\/organizacion-eventos-protocolo\/analizamos-los-errores-de-etiqueta-de-la-boda-de-alvaro-falco-e-isabelle-junot\",\"name\":\"Organizaci\u00f3n de eventos y protocolo - Analizamos los errores de etiqueta de la boda de \u00c1lvaro Falc\u00f3 e Isabelle Junot\",\"isPartOf\":{\"@id\":\"https:\/\/www.estudiahosteleria.com\/blog\/#website\"},\"datePublished\":\"2022-04-04T04:00:00+00:00\",\"dateModified\":\"2022-04-06T08:06:19+00:00\",\"inLanguage\":\"es\",\"potentialAction\":[{\"@type\":\"ReadAction\",\"target\":[\"https:\/\/www.estudiahosteleria.com\/blog\/organizacion-eventos-protocolo\/analizamos-los-errores-de-etiqueta-de-la-boda-de-alvaro-falco-e-isabelle-junot\"]}]},{\"@type\":\"WebSite\",\"@id\":\"https:\/\/www.estudiahosteleria.com\/blog\/#website\",\"url\":\"https:\/\/www.estudiahosteleria.com\/blog\/\",\"name\":\"Blog de la Escuela ESAH\",\"description\":\"Blog de la Escuela ESAH, Estudios Superiores Abiertos de Hosteleria\",\"publisher\":{\"@id\":\"https:\/\/www.estudiahosteleria.com\/blog\/#organization\"},\"potentialAction\":[{\"@type\":\"SearchAction\",\"target\":{\"@type\":\"EntryPoint\",\"urlTemplate\":\"https:\/\/www.estudiahosteleria.com\/blog\/?s={search_term_string}\"},\"query-input\":\"required name=search_term_string\"}],\"inLanguage\":\"es\"},{\"@type\":\"Organization\",\"@id\":\"https:\/\/www.estudiahosteleria.com\/blog\/#organization\",\"name\":\"ESAH, Estudios Superiores Abiertos en Hosteler\u00eda\",\"url\":\"https:\/\/www.estudiahosteleria.com\/blog\/\",\"logo\":{\"@type\":\"ImageObject\",\"inLanguage\":\"es\",\"@id\":\"https:\/\/www.estudiahosteleria.com\/blog\/#\/schema\/logo\/image\/\",\"url\":\"https:\/\/www.estudiahosteleria.com\/blog\/wp-content\/uploads\/2018\/11\/imagen_twitter_blog_esah.jpg\",\"contentUrl\":\"https:\/\/www.estudiahosteleria.com\/blog\/wp-content\/uploads\/2018\/11\/imagen_twitter_blog_esah.jpg\",\"width\":512,\"height\":512,\"caption\":\"ESAH, Estudios Superiores Abiertos en Hosteler\u00eda\"},\"image\":{\"@id\":\"https:\/\/www.estudiahosteleria.com\/blog\/#\/schema\/logo\/image\/\"},\"sameAs\":[\"https:\/\/www.facebook.com\/CampusSEAS\",\"https:\/\/twitter.com\/Campus_SEAS\",\"https:\/\/www.instagram.com\/campus_seas\",\"http:\/\/www.linkedin.com\/company\/seas-estudios-superiores-abiertos\",\"https:\/\/www.youtube.com\/@Campus_SEAS\"]},{\"@type\":\"Person\",\"@id\":\"https:\/\/www.estudiahosteleria.com\/blog\/#\/schema\/person\/942b7ca24ec75db1045ea3347f11fe24\",\"name\":\"Maira \u00c1lvarez Mateos\",\"image\":{\"@type\":\"ImageObject\",\"inLanguage\":\"es\",\"@id\":\"https:\/\/www.estudiahosteleria.com\/blog\/#\/schema\/person\/image\/\",\"url\":\"https:\/\/secure.gravatar.com\/avatar\/be946d68390e5d7f050952a181127b0f?s=96&r=g\",\"contentUrl\":\"https:\/\/secure.gravatar.com\/avatar\/be946d68390e5d7f050952a181127b0f?s=96&r=g\",\"caption\":\"Maira \u00c1lvarez Mateos\"},\"description\":\"Licenciada en Periodismo por la Universidad San Pablo CEU- Madrid. MBA en Protocolo Institucional, Producci\u00f3n y Gesti\u00f3n de Eventos. Escuela Internacional de Protocolo y M\u00e1ster en direcci\u00f3n de entidades deportivas. Ha trabajado en varios medios nacionales como periodista y responsable de las publicaciones de protocolo y etiqueta. En 2017 fund\u00f3 Little Etiqueta y es docente del \u00e1rea de Organizaci\u00f3n de eventos de nuestra escuela online ESAH - EstudiaHosteleria.com Puedes consultar toda nuestra oferta formativa de cursos y m\u00e1steres en nuestra web.\",\"sameAs\":[\"https:\/\/www.estudiahosteleria.com\",\"https:\/\/www.facebook.com\/ESAHEstudiosSuperioresAbiertosdeHosteleria\",\"https:\/\/twitter.com\/ESAH_Hosteleria\"],\"url\":\"https:\/\/www.estudiahosteleria.com\/blog\/author\/maira-alvarez\"}]}<\/script>\n<!-- \/ Yoast SEO plugin. -->","yoast_head_json":{"title":"Organizaci\u00f3n de eventos y protocolo - Analizamos los errores de etiqueta de la boda de \u00c1lvaro Falc\u00f3 e Isabelle Junot","robots":{"index":"index","follow":"follow","max-snippet":"max-snippet:-1","max-image-preview":"max-image-preview:large","max-video-preview":"max-video-preview:-1"},"canonical":"https:\/\/www.estudiahosteleria.com\/blog\/organizacion-eventos-protocolo\/analizamos-los-errores-de-etiqueta-de-la-boda-de-alvaro-falco-e-isabelle-junot","og_locale":"es_ES","og_type":"article","og_title":"Organizaci\u00f3n de eventos y protocolo - Analizamos los errores de etiqueta de la boda de \u00c1lvaro Falc\u00f3 e Isabelle Junot","og_description":"El enlace, celebrado el primer fin de semana de abril en el Palacio de Mirabel en Plasencia, ha congregado a doscientos cincuenta invitados. Algunos asistentes no han respetado las normas de etiqueta de las bodas celebradas por la ma\u00f1ana. Esta boda ha reunido ha numerosos rostros conocidos de la aristocracia espa\u00f1ola y al ser un evento de ma\u00f1ana, la mayor\u00eda de invitados se ha decantado por chaqu\u00e9s y vestidos primaverales. Entre los hombres, como dec\u00edamos ha primado el chaqu\u00e9, el estilismo m\u00e1s recomendado para bodas, mientras que entre las mujeres ha habido m\u00e1s diversidad de looks, y es que la primavera y el sol radiante ha competido con las bajas temperaturas que ha registrado esta ma\u00f1ana la ciudad palentina. Sandalias, pamelas y hasta minifaldas han desfilado junto a otras invitadas que han preferido guarecerse del fr\u00edo con guantes y estolas de piel. Errores de etiqueta Eugenia Silva La modelo Eugenia Silva ha confundido lo que es un evento social con una gala de cine. Su vestido drapeado de color ocre (firmado por Alexandre Vauthier)&nbsp; es mucho m\u00e1s adecuado para ir a recoger un premio que para asistir a un enlace cat\u00f3lico. Una de las m\u00e1ximas de la etiqueta para las [&hellip;]","og_url":"https:\/\/www.estudiahosteleria.com\/blog\/organizacion-eventos-protocolo\/analizamos-los-errores-de-etiqueta-de-la-boda-de-alvaro-falco-e-isabelle-junot","og_site_name":"Blog de la Escuela ESAH","article_publisher":"https:\/\/www.facebook.com\/CampusSEAS","article_author":"https:\/\/www.facebook.com\/ESAHEstudiosSuperioresAbiertosdeHosteleria","article_published_time":"2022-04-04T04:00:00+00:00","article_modified_time":"2022-04-06T08:06:19+00:00","og_image":[{"width":637,"height":240,"url":"https:\/\/www.estudiahosteleria.com\/blog\/wp-content\/uploads\/2022\/04\/Sin-titulo-1.jpg","type":"image\/jpeg"}],"author":"Maira \u00c1lvarez Mateos","twitter_card":"summary_large_image","twitter_creator":"@ESAH_Hosteleria","twitter_site":"@Campus_SEAS","twitter_misc":{"Escrito por":"Maira \u00c1lvarez Mateos","Tiempo de lectura":"3 minutos"},"schema":{"@context":"https:\/\/schema.org","@graph":[{"@type":"Article","@id":"https:\/\/www.estudiahosteleria.com\/blog\/organizacion-eventos-protocolo\/analizamos-los-errores-de-etiqueta-de-la-boda-de-alvaro-falco-e-isabelle-junot#article","isPartOf":{"@id":"https:\/\/www.estudiahosteleria.com\/blog\/organizacion-eventos-protocolo\/analizamos-los-errores-de-etiqueta-de-la-boda-de-alvaro-falco-e-isabelle-junot"},"author":{"name":"Maira \u00c1lvarez Mateos","@id":"https:\/\/www.estudiahosteleria.com\/blog\/#\/schema\/person\/942b7ca24ec75db1045ea3347f11fe24"},"headline":"Analizamos los errores de etiqueta de la boda de \u00c1lvaro Falc\u00f3 e Isabelle Junot","datePublished":"2022-04-04T04:00:00+00:00","dateModified":"2022-04-06T08:06:19+00:00","mainEntityOfPage":{"@id":"https:\/\/www.estudiahosteleria.com\/blog\/organizacion-eventos-protocolo\/analizamos-los-errores-de-etiqueta-de-la-boda-de-alvaro-falco-e-isabelle-junot"},"wordCount":649,"commentCount":0,"publisher":{"@id":"https:\/\/www.estudiahosteleria.com\/blog\/#organization"},"articleSection":["Organizaci\u00f3n de eventos y protocolo"],"inLanguage":"es","potentialAction":[{"@type":"CommentAction","name":"Comment","target":["https:\/\/www.estudiahosteleria.com\/blog\/organizacion-eventos-protocolo\/analizamos-los-errores-de-etiqueta-de-la-boda-de-alvaro-falco-e-isabelle-junot#respond"]}]},{"@type":"WebPage","@id":"https:\/\/www.estudiahosteleria.com\/blog\/organizacion-eventos-protocolo\/analizamos-los-errores-de-etiqueta-de-la-boda-de-alvaro-falco-e-isabelle-junot","url":"https:\/\/www.estudiahosteleria.com\/blog\/organizacion-eventos-protocolo\/analizamos-los-errores-de-etiqueta-de-la-boda-de-alvaro-falco-e-isabelle-junot","name":"Organizaci\u00f3n de eventos y protocolo - Analizamos los errores de etiqueta de la boda de \u00c1lvaro Falc\u00f3 e Isabelle Junot","isPartOf":{"@id":"https:\/\/www.estudiahosteleria.com\/blog\/#website"},"datePublished":"2022-04-04T04:00:00+00:00","dateModified":"2022-04-06T08:06:19+00:00","inLanguage":"es","potentialAction":[{"@type":"ReadAction","target":["https:\/\/www.estudiahosteleria.com\/blog\/organizacion-eventos-protocolo\/analizamos-los-errores-de-etiqueta-de-la-boda-de-alvaro-falco-e-isabelle-junot"]}]},{"@type":"WebSite","@id":"https:\/\/www.estudiahosteleria.com\/blog\/#website","url":"https:\/\/www.estudiahosteleria.com\/blog\/","name":"Blog de la Escuela ESAH","description":"Blog de la Escuela ESAH, Estudios Superiores Abiertos de Hosteleria","publisher":{"@id":"https:\/\/www.estudiahosteleria.com\/blog\/#organization"},"potentialAction":[{"@type":"SearchAction","target":{"@type":"EntryPoint","urlTemplate":"https:\/\/www.estudiahosteleria.com\/blog\/?s={search_term_string}"},"query-input":"required name=search_term_string"}],"inLanguage":"es"},{"@type":"Organization","@id":"https:\/\/www.estudiahosteleria.com\/blog\/#organization","name":"ESAH, Estudios Superiores Abiertos en Hosteler\u00eda","url":"https:\/\/www.estudiahosteleria.com\/blog\/","logo":{"@type":"ImageObject","inLanguage":"es","@id":"https:\/\/www.estudiahosteleria.com\/blog\/#\/schema\/logo\/image\/","url":"https:\/\/www.estudiahosteleria.com\/blog\/wp-content\/uploads\/2018\/11\/imagen_twitter_blog_esah.jpg","contentUrl":"https:\/\/www.estudiahosteleria.com\/blog\/wp-content\/uploads\/2018\/11\/imagen_twitter_blog_esah.jpg","width":512,"height":512,"caption":"ESAH, Estudios Superiores Abiertos en Hosteler\u00eda"},"image":{"@id":"https:\/\/www.estudiahosteleria.com\/blog\/#\/schema\/logo\/image\/"},"sameAs":["https:\/\/www.facebook.com\/CampusSEAS","https:\/\/twitter.com\/Campus_SEAS","https:\/\/www.instagram.com\/campus_seas","http:\/\/www.linkedin.com\/company\/seas-estudios-superiores-abiertos","https:\/\/www.youtube.com\/@Campus_SEAS"]},{"@type":"Person","@id":"https:\/\/www.estudiahosteleria.com\/blog\/#\/schema\/person\/942b7ca24ec75db1045ea3347f11fe24","name":"Maira \u00c1lvarez Mateos","image":{"@type":"ImageObject","inLanguage":"es","@id":"https:\/\/www.estudiahosteleria.com\/blog\/#\/schema\/person\/image\/","url":"https:\/\/secure.gravatar.com\/avatar\/be946d68390e5d7f050952a181127b0f?s=96&r=g","contentUrl":"https:\/\/secure.gravatar.com\/avatar\/be946d68390e5d7f050952a181127b0f?s=96&r=g","caption":"Maira \u00c1lvarez Mateos"},"description":"Licenciada en Periodismo por la Universidad San Pablo CEU- Madrid. MBA en Protocolo Institucional, Producci\u00f3n y Gesti\u00f3n de Eventos. Escuela Internacional de Protocolo y M\u00e1ster en direcci\u00f3n de entidades deportivas. Ha trabajado en varios medios nacionales como periodista y responsable de las publicaciones de protocolo y etiqueta. En 2017 fund\u00f3 Little Etiqueta y es docente del \u00e1rea de Organizaci\u00f3n de eventos de nuestra escuela online ESAH - EstudiaHosteleria.com Puedes consultar toda nuestra oferta formativa de cursos y m\u00e1steres en nuestra web.","sameAs":["https:\/\/www.estudiahosteleria.com","https:\/\/www.facebook.com\/ESAHEstudiosSuperioresAbiertosdeHosteleria","https:\/\/twitter.com\/ESAH_Hosteleria"],"url":"https:\/\/www.estudiahosteleria.com\/blog\/author\/maira-alvarez"}]}},"_links":{"self":[{"href":"https:\/\/www.estudiahosteleria.com\/blog\/wp-json\/wp\/v2\/posts\/15109"}],"collection":[{"href":"https:\/\/www.estudiahosteleria.com\/blog\/wp-json\/wp\/v2\/posts"}],"about":[{"href":"https:\/\/www.estudiahosteleria.com\/blog\/wp-json\/wp\/v2\/types\/post"}],"author":[{"embeddable":true,"href":"https:\/\/www.estudiahosteleria.com\/blog\/wp-json\/wp\/v2\/users\/23"}],"replies":[{"embeddable":true,"href":"https:\/\/www.estudiahosteleria.com\/blog\/wp-json\/wp\/v2\/comments?post=15109"}],"version-history":[{"count":2,"href":"https:\/\/www.estudiahosteleria.com\/blog\/wp-json\/wp\/v2\/posts\/15109\/revisions"}],"predecessor-version":[{"id":15113,"href":"https:\/\/www.estudiahosteleria.com\/blog\/wp-json\/wp\/v2\/posts\/15109\/revisions\/15113"}],"wp:featuredmedia":[{"embeddable":true,"href":"https:\/\/www.estudiahosteleria.com\/blog\/wp-json\/wp\/v2\/media\/15110"}],"wp:attachment":[{"href":"https:\/\/www.estudiahosteleria.com\/blog\/wp-json\/wp\/v2\/media?parent=15109"}],"wp:term":[{"taxonomy":"category","embeddable":true,"href":"https:\/\/www.estudiahosteleria.com\/blog\/wp-json\/wp\/v2\/categories?post=15109"},{"taxonomy":"post_tag","embeddable":true,"href":"https:\/\/www.estudiahosteleria.com\/blog\/wp-json\/wp\/v2\/tags?post=15109"}],"curies":[{"name":"wp","href":"https:\/\/api.w.org\/{rel}","templated":true}]}}