{"id":15114,"date":"2022-04-18T06:00:00","date_gmt":"2022-04-18T04:00:00","guid":{"rendered":"https:\/\/www.estudiahosteleria.com\/blog\/?p=15114"},"modified":"2022-04-06T10:14:42","modified_gmt":"2022-04-06T08:14:42","slug":"gafas-de-sol-que-dice-el-protocolo","status":"publish","type":"post","link":"https:\/\/www.estudiahosteleria.com\/blog\/organizacion-eventos-protocolo\/gafas-de-sol-que-dice-el-protocolo","title":{"rendered":"Gafas de sol: \u00bfQu\u00e9 dice el protocolo?"},"content":{"rendered":"\n<p>Las gafas de sol son uno de los accesorios m\u00e1s cotidianos en nuestra vestimenta, sobre todo ahora que nos vamos acercando al verano. Aunque su funci\u00f3n principal sea proteger nuestros ojos de los rayos solares, es cierto que tambi\u00e9n cumplen con una clara misi\u00f3n est\u00e9tica.<\/p>\n\n\n\n<p>\u00bfEst\u00e1 justificado siempre su uso? La respuesta es no, y es que hay ciertas normas de educaci\u00f3n y protocolo que deberemos seguir si queremos dar una impresi\u00f3n positiva con las personas que nos rodean. Unas simples gafas de sol pueden hacernos parecer prepotentes, altivos o dejados, as\u00ed que es importante conocer las reglas b\u00e1sicas para usarlas.<\/p>\n\n\n\n<!--more-->\n\n\n\n<h2 class=\"wp-block-heading\">No hay que usar gafas de sol en lugares cerrados<\/h2>\n\n\n\n<p>Parece una perogrullada, pero solo hay que salir alguna noche para ver cu\u00e1ntas personas llevan gafas de sol.<\/p>\n\n\n\n<p>De hecho, jam\u00e1s deber\u00edamos llevar puestas unas gafas de sol en cuanto crucemos el umbral de una puerta, ya sea en una casa privada, en un restaurante o en una iglesia.<\/p>\n\n\n\n<p>Como siempre, toda norma tiene su excepci\u00f3n, y esta es, b\u00e1sicamente, la salud. Las gafas est\u00e1n autorizadas si alguien tiene lesiones oculares o alguna enfermedad que le impida ver bien sin ellas.<\/p>\n\n\n\n<p>Uno de los ejemplos m\u00e1s claros lo tenemos en el director de cine Pedro Almod\u00f3var, quien no puede soportar las intensas luces de los flashes porque sufre fotofobia y se presenta en todas las galas con gafas negras para combatir las migra\u00f1as.<\/p>\n\n\n\n<h2 class=\"wp-block-heading\">Las gafas en los eventos de etiqueta<\/h2>\n\n\n\n<p>La verdad es que no es muy apropiado llevar gafas de sol cuando vestimos de etiqueta, pero si hay que llevarlas, que sean elegantes y discretas, no con cristales espejo polarizados en azul.<\/p>\n\n\n\n<p>Tampoco hay que pon\u00e9rselas nunca en la cabeza a modo de diadema ni colgarlas del cuello de la camisa. Y en la comida posterior, es de mal gusto dejarlas sobre la mesa del restaurante, recordemos que en la mesa solo se dejan los utensilios que vamos a utilizar para comer.<\/p>\n\n\n\n<h2 class=\"wp-block-heading\">No usar gafas de sol al hablar con otra persona<\/h2>\n\n\n\n<p>Cuando nos presentan a alguien, debemos quitarnos las gafas de sol para mostrar respeto, pues para nuestra cultura es importante la mirada durante una conversaci\u00f3n.<\/p>\n\n\n\n<p>As\u00ed mismo, al saludar, aunque sea en la calle, es una norma de cortes\u00eda el quitarse las gafas para poder hablar con esa persona.<\/p>\n\n\n\n<p>Si por el motivo que fuera nos quitamos las gafas, atenci\u00f3n a mordisquear las patillas ni andar abri\u00e9ndolas y cerr\u00e1ndolas. Nuestro lenguaje no verbal transmitir\u00e1 que estamos inc\u00f3modos, nerviosos o con ganas de irnos.<\/p>\n","protected":false},"excerpt":{"rendered":"<p>Las gafas de sol son uno de los accesorios m\u00e1s cotidianos en nuestra vestimenta, sobre todo ahora que nos vamos acercando al verano. Aunque su funci\u00f3n principal sea proteger nuestros ojos de los rayos solares, es cierto que tambi\u00e9n cumplen con una clara misi\u00f3n est\u00e9tica. \u00bfEst\u00e1 justificado siempre su uso? La respuesta es no, y es que hay ciertas normas de educaci\u00f3n y protocolo que deberemos seguir si queremos dar una impresi\u00f3n positiva con las personas que nos rodean. Unas simples gafas de sol pueden hacernos parecer prepotentes, altivos o dejados, as\u00ed que es importante conocer las reglas b\u00e1sicas para usarlas.<\/p>\n","protected":false},"author":23,"featured_media":15115,"comment_status":"open","ping_status":"closed","sticky":false,"template":"","format":"standard","meta":[],"categories":[1048],"tags":[],"yoast_head":"<!-- This site is optimized with the Yoast SEO plugin v20.11 - https:\/\/yoast.com\/wordpress\/plugins\/seo\/ -->\n<title>Organizaci\u00f3n de eventos y protocolo - Gafas de sol: \u00bfQu\u00e9 dice el protocolo?<\/title>\n<meta name=\"robots\" content=\"index, follow, max-snippet:-1, max-image-preview:large, max-video-preview:-1\" \/>\n<link rel=\"canonical\" href=\"https:\/\/www.estudiahosteleria.com\/blog\/organizacion-eventos-protocolo\/gafas-de-sol-que-dice-el-protocolo\" \/>\n<meta property=\"og:locale\" content=\"es_ES\" \/>\n<meta property=\"og:type\" content=\"article\" \/>\n<meta property=\"og:title\" content=\"Organizaci\u00f3n de eventos y protocolo - Gafas de sol: \u00bfQu\u00e9 dice el protocolo?\" \/>\n<meta property=\"og:description\" content=\"Las gafas de sol son uno de los accesorios m\u00e1s cotidianos en nuestra vestimenta, sobre todo ahora que nos vamos acercando al verano. Aunque su funci\u00f3n principal sea proteger nuestros ojos de los rayos solares, es cierto que tambi\u00e9n cumplen con una clara misi\u00f3n est\u00e9tica. \u00bfEst\u00e1 justificado siempre su uso? La respuesta es no, y es que hay ciertas normas de educaci\u00f3n y protocolo que deberemos seguir si queremos dar una impresi\u00f3n positiva con las personas que nos rodean. Unas simples gafas de sol pueden hacernos parecer prepotentes, altivos o dejados, as\u00ed que es importante conocer las reglas b\u00e1sicas para usarlas.\" \/>\n<meta property=\"og:url\" content=\"https:\/\/www.estudiahosteleria.com\/blog\/organizacion-eventos-protocolo\/gafas-de-sol-que-dice-el-protocolo\" \/>\n<meta property=\"og:site_name\" content=\"Blog de la Escuela ESAH\" \/>\n<meta property=\"article:publisher\" content=\"https:\/\/www.facebook.com\/CampusSEAS\" \/>\n<meta property=\"article:author\" content=\"https:\/\/www.facebook.com\/ESAHEstudiosSuperioresAbiertosdeHosteleria\" \/>\n<meta property=\"article:published_time\" content=\"2022-04-18T04:00:00+00:00\" \/>\n<meta property=\"article:modified_time\" content=\"2022-04-06T08:14:42+00:00\" \/>\n<meta property=\"og:image\" content=\"https:\/\/www.estudiahosteleria.com\/blog\/wp-content\/uploads\/2022\/04\/Sin-titulo-1-1.jpg\" \/>\n\t<meta property=\"og:image:width\" content=\"637\" \/>\n\t<meta property=\"og:image:height\" content=\"240\" \/>\n\t<meta property=\"og:image:type\" content=\"image\/jpeg\" \/>\n<meta name=\"author\" content=\"Maira \u00c1lvarez Mateos\" \/>\n<meta name=\"twitter:card\" content=\"summary_large_image\" \/>\n<meta name=\"twitter:creator\" content=\"@ESAH_Hosteleria\" \/>\n<meta name=\"twitter:site\" content=\"@Campus_SEAS\" \/>\n<meta name=\"twitter:label1\" content=\"Escrito por\" \/>\n\t<meta name=\"twitter:data1\" content=\"Maira \u00c1lvarez Mateos\" \/>\n\t<meta name=\"twitter:label2\" content=\"Tiempo de lectura\" \/>\n\t<meta name=\"twitter:data2\" content=\"2 minutos\" \/>\n<script type=\"application\/ld+json\" class=\"yoast-schema-graph\">{\"@context\":\"https:\/\/schema.org\",\"@graph\":[{\"@type\":\"Article\",\"@id\":\"https:\/\/www.estudiahosteleria.com\/blog\/organizacion-eventos-protocolo\/gafas-de-sol-que-dice-el-protocolo#article\",\"isPartOf\":{\"@id\":\"https:\/\/www.estudiahosteleria.com\/blog\/organizacion-eventos-protocolo\/gafas-de-sol-que-dice-el-protocolo\"},\"author\":{\"name\":\"Maira \u00c1lvarez Mateos\",\"@id\":\"https:\/\/www.estudiahosteleria.com\/blog\/#\/schema\/person\/942b7ca24ec75db1045ea3347f11fe24\"},\"headline\":\"Gafas de sol: \u00bfQu\u00e9 dice el protocolo?\",\"datePublished\":\"2022-04-18T04:00:00+00:00\",\"dateModified\":\"2022-04-06T08:14:42+00:00\",\"mainEntityOfPage\":{\"@id\":\"https:\/\/www.estudiahosteleria.com\/blog\/organizacion-eventos-protocolo\/gafas-de-sol-que-dice-el-protocolo\"},\"wordCount\":448,\"commentCount\":0,\"publisher\":{\"@id\":\"https:\/\/www.estudiahosteleria.com\/blog\/#organization\"},\"articleSection\":[\"Organizaci\u00f3n de eventos y protocolo\"],\"inLanguage\":\"es\",\"potentialAction\":[{\"@type\":\"CommentAction\",\"name\":\"Comment\",\"target\":[\"https:\/\/www.estudiahosteleria.com\/blog\/organizacion-eventos-protocolo\/gafas-de-sol-que-dice-el-protocolo#respond\"]}]},{\"@type\":\"WebPage\",\"@id\":\"https:\/\/www.estudiahosteleria.com\/blog\/organizacion-eventos-protocolo\/gafas-de-sol-que-dice-el-protocolo\",\"url\":\"https:\/\/www.estudiahosteleria.com\/blog\/organizacion-eventos-protocolo\/gafas-de-sol-que-dice-el-protocolo\",\"name\":\"Organizaci\u00f3n de eventos y protocolo - Gafas de sol: \u00bfQu\u00e9 dice el protocolo?\",\"isPartOf\":{\"@id\":\"https:\/\/www.estudiahosteleria.com\/blog\/#website\"},\"datePublished\":\"2022-04-18T04:00:00+00:00\",\"dateModified\":\"2022-04-06T08:14:42+00:00\",\"inLanguage\":\"es\",\"potentialAction\":[{\"@type\":\"ReadAction\",\"target\":[\"https:\/\/www.estudiahosteleria.com\/blog\/organizacion-eventos-protocolo\/gafas-de-sol-que-dice-el-protocolo\"]}]},{\"@type\":\"WebSite\",\"@id\":\"https:\/\/www.estudiahosteleria.com\/blog\/#website\",\"url\":\"https:\/\/www.estudiahosteleria.com\/blog\/\",\"name\":\"Blog de la Escuela ESAH\",\"description\":\"Blog de la Escuela ESAH, Estudios Superiores Abiertos de Hosteleria\",\"publisher\":{\"@id\":\"https:\/\/www.estudiahosteleria.com\/blog\/#organization\"},\"potentialAction\":[{\"@type\":\"SearchAction\",\"target\":{\"@type\":\"EntryPoint\",\"urlTemplate\":\"https:\/\/www.estudiahosteleria.com\/blog\/?s={search_term_string}\"},\"query-input\":\"required name=search_term_string\"}],\"inLanguage\":\"es\"},{\"@type\":\"Organization\",\"@id\":\"https:\/\/www.estudiahosteleria.com\/blog\/#organization\",\"name\":\"ESAH, Estudios Superiores Abiertos en Hosteler\u00eda\",\"url\":\"https:\/\/www.estudiahosteleria.com\/blog\/\",\"logo\":{\"@type\":\"ImageObject\",\"inLanguage\":\"es\",\"@id\":\"https:\/\/www.estudiahosteleria.com\/blog\/#\/schema\/logo\/image\/\",\"url\":\"https:\/\/www.estudiahosteleria.com\/blog\/wp-content\/uploads\/2018\/11\/imagen_twitter_blog_esah.jpg\",\"contentUrl\":\"https:\/\/www.estudiahosteleria.com\/blog\/wp-content\/uploads\/2018\/11\/imagen_twitter_blog_esah.jpg\",\"width\":512,\"height\":512,\"caption\":\"ESAH, Estudios Superiores Abiertos en Hosteler\u00eda\"},\"image\":{\"@id\":\"https:\/\/www.estudiahosteleria.com\/blog\/#\/schema\/logo\/image\/\"},\"sameAs\":[\"https:\/\/www.facebook.com\/CampusSEAS\",\"https:\/\/twitter.com\/Campus_SEAS\",\"https:\/\/www.instagram.com\/campus_seas\",\"http:\/\/www.linkedin.com\/company\/seas-estudios-superiores-abiertos\",\"https:\/\/www.youtube.com\/@Campus_SEAS\"]},{\"@type\":\"Person\",\"@id\":\"https:\/\/www.estudiahosteleria.com\/blog\/#\/schema\/person\/942b7ca24ec75db1045ea3347f11fe24\",\"name\":\"Maira \u00c1lvarez Mateos\",\"image\":{\"@type\":\"ImageObject\",\"inLanguage\":\"es\",\"@id\":\"https:\/\/www.estudiahosteleria.com\/blog\/#\/schema\/person\/image\/\",\"url\":\"https:\/\/secure.gravatar.com\/avatar\/be946d68390e5d7f050952a181127b0f?s=96&r=g\",\"contentUrl\":\"https:\/\/secure.gravatar.com\/avatar\/be946d68390e5d7f050952a181127b0f?s=96&r=g\",\"caption\":\"Maira \u00c1lvarez Mateos\"},\"description\":\"Licenciada en Periodismo por la Universidad San Pablo CEU- Madrid. MBA en Protocolo Institucional, Producci\u00f3n y Gesti\u00f3n de Eventos. Escuela Internacional de Protocolo y M\u00e1ster en direcci\u00f3n de entidades deportivas. Ha trabajado en varios medios nacionales como periodista y responsable de las publicaciones de protocolo y etiqueta. En 2017 fund\u00f3 Little Etiqueta y es docente del \u00e1rea de Organizaci\u00f3n de eventos de nuestra escuela online ESAH - EstudiaHosteleria.com Puedes consultar toda nuestra oferta formativa de cursos y m\u00e1steres en nuestra web.\",\"sameAs\":[\"https:\/\/www.estudiahosteleria.com\",\"https:\/\/www.facebook.com\/ESAHEstudiosSuperioresAbiertosdeHosteleria\",\"https:\/\/twitter.com\/ESAH_Hosteleria\"],\"url\":\"https:\/\/www.estudiahosteleria.com\/blog\/author\/maira-alvarez\"}]}<\/script>\n<!-- \/ Yoast SEO plugin. -->","yoast_head_json":{"title":"Organizaci\u00f3n de eventos y protocolo - Gafas de sol: \u00bfQu\u00e9 dice el protocolo?","robots":{"index":"index","follow":"follow","max-snippet":"max-snippet:-1","max-image-preview":"max-image-preview:large","max-video-preview":"max-video-preview:-1"},"canonical":"https:\/\/www.estudiahosteleria.com\/blog\/organizacion-eventos-protocolo\/gafas-de-sol-que-dice-el-protocolo","og_locale":"es_ES","og_type":"article","og_title":"Organizaci\u00f3n de eventos y protocolo - Gafas de sol: \u00bfQu\u00e9 dice el protocolo?","og_description":"Las gafas de sol son uno de los accesorios m\u00e1s cotidianos en nuestra vestimenta, sobre todo ahora que nos vamos acercando al verano. Aunque su funci\u00f3n principal sea proteger nuestros ojos de los rayos solares, es cierto que tambi\u00e9n cumplen con una clara misi\u00f3n est\u00e9tica. \u00bfEst\u00e1 justificado siempre su uso? La respuesta es no, y es que hay ciertas normas de educaci\u00f3n y protocolo que deberemos seguir si queremos dar una impresi\u00f3n positiva con las personas que nos rodean. Unas simples gafas de sol pueden hacernos parecer prepotentes, altivos o dejados, as\u00ed que es importante conocer las reglas b\u00e1sicas para usarlas.","og_url":"https:\/\/www.estudiahosteleria.com\/blog\/organizacion-eventos-protocolo\/gafas-de-sol-que-dice-el-protocolo","og_site_name":"Blog de la Escuela ESAH","article_publisher":"https:\/\/www.facebook.com\/CampusSEAS","article_author":"https:\/\/www.facebook.com\/ESAHEstudiosSuperioresAbiertosdeHosteleria","article_published_time":"2022-04-18T04:00:00+00:00","article_modified_time":"2022-04-06T08:14:42+00:00","og_image":[{"width":637,"height":240,"url":"https:\/\/www.estudiahosteleria.com\/blog\/wp-content\/uploads\/2022\/04\/Sin-titulo-1-1.jpg","type":"image\/jpeg"}],"author":"Maira \u00c1lvarez Mateos","twitter_card":"summary_large_image","twitter_creator":"@ESAH_Hosteleria","twitter_site":"@Campus_SEAS","twitter_misc":{"Escrito por":"Maira \u00c1lvarez Mateos","Tiempo de lectura":"2 minutos"},"schema":{"@context":"https:\/\/schema.org","@graph":[{"@type":"Article","@id":"https:\/\/www.estudiahosteleria.com\/blog\/organizacion-eventos-protocolo\/gafas-de-sol-que-dice-el-protocolo#article","isPartOf":{"@id":"https:\/\/www.estudiahosteleria.com\/blog\/organizacion-eventos-protocolo\/gafas-de-sol-que-dice-el-protocolo"},"author":{"name":"Maira \u00c1lvarez Mateos","@id":"https:\/\/www.estudiahosteleria.com\/blog\/#\/schema\/person\/942b7ca24ec75db1045ea3347f11fe24"},"headline":"Gafas de sol: \u00bfQu\u00e9 dice el protocolo?","datePublished":"2022-04-18T04:00:00+00:00","dateModified":"2022-04-06T08:14:42+00:00","mainEntityOfPage":{"@id":"https:\/\/www.estudiahosteleria.com\/blog\/organizacion-eventos-protocolo\/gafas-de-sol-que-dice-el-protocolo"},"wordCount":448,"commentCount":0,"publisher":{"@id":"https:\/\/www.estudiahosteleria.com\/blog\/#organization"},"articleSection":["Organizaci\u00f3n de eventos y protocolo"],"inLanguage":"es","potentialAction":[{"@type":"CommentAction","name":"Comment","target":["https:\/\/www.estudiahosteleria.com\/blog\/organizacion-eventos-protocolo\/gafas-de-sol-que-dice-el-protocolo#respond"]}]},{"@type":"WebPage","@id":"https:\/\/www.estudiahosteleria.com\/blog\/organizacion-eventos-protocolo\/gafas-de-sol-que-dice-el-protocolo","url":"https:\/\/www.estudiahosteleria.com\/blog\/organizacion-eventos-protocolo\/gafas-de-sol-que-dice-el-protocolo","name":"Organizaci\u00f3n de eventos y protocolo - Gafas de sol: \u00bfQu\u00e9 dice el protocolo?","isPartOf":{"@id":"https:\/\/www.estudiahosteleria.com\/blog\/#website"},"datePublished":"2022-04-18T04:00:00+00:00","dateModified":"2022-04-06T08:14:42+00:00","inLanguage":"es","potentialAction":[{"@type":"ReadAction","target":["https:\/\/www.estudiahosteleria.com\/blog\/organizacion-eventos-protocolo\/gafas-de-sol-que-dice-el-protocolo"]}]},{"@type":"WebSite","@id":"https:\/\/www.estudiahosteleria.com\/blog\/#website","url":"https:\/\/www.estudiahosteleria.com\/blog\/","name":"Blog de la Escuela ESAH","description":"Blog de la Escuela ESAH, Estudios Superiores Abiertos de Hosteleria","publisher":{"@id":"https:\/\/www.estudiahosteleria.com\/blog\/#organization"},"potentialAction":[{"@type":"SearchAction","target":{"@type":"EntryPoint","urlTemplate":"https:\/\/www.estudiahosteleria.com\/blog\/?s={search_term_string}"},"query-input":"required name=search_term_string"}],"inLanguage":"es"},{"@type":"Organization","@id":"https:\/\/www.estudiahosteleria.com\/blog\/#organization","name":"ESAH, Estudios Superiores Abiertos en Hosteler\u00eda","url":"https:\/\/www.estudiahosteleria.com\/blog\/","logo":{"@type":"ImageObject","inLanguage":"es","@id":"https:\/\/www.estudiahosteleria.com\/blog\/#\/schema\/logo\/image\/","url":"https:\/\/www.estudiahosteleria.com\/blog\/wp-content\/uploads\/2018\/11\/imagen_twitter_blog_esah.jpg","contentUrl":"https:\/\/www.estudiahosteleria.com\/blog\/wp-content\/uploads\/2018\/11\/imagen_twitter_blog_esah.jpg","width":512,"height":512,"caption":"ESAH, Estudios Superiores Abiertos en Hosteler\u00eda"},"image":{"@id":"https:\/\/www.estudiahosteleria.com\/blog\/#\/schema\/logo\/image\/"},"sameAs":["https:\/\/www.facebook.com\/CampusSEAS","https:\/\/twitter.com\/Campus_SEAS","https:\/\/www.instagram.com\/campus_seas","http:\/\/www.linkedin.com\/company\/seas-estudios-superiores-abiertos","https:\/\/www.youtube.com\/@Campus_SEAS"]},{"@type":"Person","@id":"https:\/\/www.estudiahosteleria.com\/blog\/#\/schema\/person\/942b7ca24ec75db1045ea3347f11fe24","name":"Maira \u00c1lvarez Mateos","image":{"@type":"ImageObject","inLanguage":"es","@id":"https:\/\/www.estudiahosteleria.com\/blog\/#\/schema\/person\/image\/","url":"https:\/\/secure.gravatar.com\/avatar\/be946d68390e5d7f050952a181127b0f?s=96&r=g","contentUrl":"https:\/\/secure.gravatar.com\/avatar\/be946d68390e5d7f050952a181127b0f?s=96&r=g","caption":"Maira \u00c1lvarez Mateos"},"description":"Licenciada en Periodismo por la Universidad San Pablo CEU- Madrid. MBA en Protocolo Institucional, Producci\u00f3n y Gesti\u00f3n de Eventos. Escuela Internacional de Protocolo y M\u00e1ster en direcci\u00f3n de entidades deportivas. Ha trabajado en varios medios nacionales como periodista y responsable de las publicaciones de protocolo y etiqueta. En 2017 fund\u00f3 Little Etiqueta y es docente del \u00e1rea de Organizaci\u00f3n de eventos de nuestra escuela online ESAH - EstudiaHosteleria.com Puedes consultar toda nuestra oferta formativa de cursos y m\u00e1steres en nuestra web.","sameAs":["https:\/\/www.estudiahosteleria.com","https:\/\/www.facebook.com\/ESAHEstudiosSuperioresAbiertosdeHosteleria","https:\/\/twitter.com\/ESAH_Hosteleria"],"url":"https:\/\/www.estudiahosteleria.com\/blog\/author\/maira-alvarez"}]}},"_links":{"self":[{"href":"https:\/\/www.estudiahosteleria.com\/blog\/wp-json\/wp\/v2\/posts\/15114"}],"collection":[{"href":"https:\/\/www.estudiahosteleria.com\/blog\/wp-json\/wp\/v2\/posts"}],"about":[{"href":"https:\/\/www.estudiahosteleria.com\/blog\/wp-json\/wp\/v2\/types\/post"}],"author":[{"embeddable":true,"href":"https:\/\/www.estudiahosteleria.com\/blog\/wp-json\/wp\/v2\/users\/23"}],"replies":[{"embeddable":true,"href":"https:\/\/www.estudiahosteleria.com\/blog\/wp-json\/wp\/v2\/comments?post=15114"}],"version-history":[{"count":2,"href":"https:\/\/www.estudiahosteleria.com\/blog\/wp-json\/wp\/v2\/posts\/15114\/revisions"}],"predecessor-version":[{"id":15117,"href":"https:\/\/www.estudiahosteleria.com\/blog\/wp-json\/wp\/v2\/posts\/15114\/revisions\/15117"}],"wp:featuredmedia":[{"embeddable":true,"href":"https:\/\/www.estudiahosteleria.com\/blog\/wp-json\/wp\/v2\/media\/15115"}],"wp:attachment":[{"href":"https:\/\/www.estudiahosteleria.com\/blog\/wp-json\/wp\/v2\/media?parent=15114"}],"wp:term":[{"taxonomy":"category","embeddable":true,"href":"https:\/\/www.estudiahosteleria.com\/blog\/wp-json\/wp\/v2\/categories?post=15114"},{"taxonomy":"post_tag","embeddable":true,"href":"https:\/\/www.estudiahosteleria.com\/blog\/wp-json\/wp\/v2\/tags?post=15114"}],"curies":[{"name":"wp","href":"https:\/\/api.w.org\/{rel}","templated":true}]}}