{"id":15730,"date":"2022-08-04T19:07:00","date_gmt":"2022-08-04T17:07:00","guid":{"rendered":"https:\/\/www.estudiahosteleria.com\/blog\/?p=15730"},"modified":"2022-09-16T14:59:36","modified_gmt":"2022-09-16T12:59:36","slug":"alimentos-verano","status":"publish","type":"post","link":"https:\/\/www.estudiahosteleria.com\/blog\/gastronomia\/alimentos-verano","title":{"rendered":"La lista de alimentos imprescindible para el verano"},"content":{"rendered":"\n<p>Cada estaci\u00f3n tiene sus caracter\u00edsticas peculiares que afectan a todos los \u00e1mbitos de nuestra vida, incluida la alimentaci\u00f3n. En este sentido, el verano es una \u00e9poca en las que es importante<strong> consumir alimentos ligeros <\/strong>y que contengan mucha agua para <strong>mantenernos hidratados<\/strong>. M\u00e1xime con las olas de calor que estamos viviendo.<\/p>\n\n\n\n<p>Y es que nuestros<strong> biorritmos<\/strong> se ven afectados por los cambios en la temperatura y tambi\u00e9n por la cantidad de horas de sol que disfrutamos al d\u00eda. La alimentaci\u00f3n no es solo nuestra manera de recibir energ\u00eda para afrontar las jornadas. Sino que tambi\u00e9n tiene una relaci\u00f3n directa con nuestra salud tanto f\u00edsica como emocional.<\/p>\n\n\n\n<p>El calor del verano suele traer aparejada una mayor <strong>falta de apetito,<\/strong> algo que se refleja m\u00e1s en las personas mayores y en los ni\u00f1os. Ello se debe a que nuestro organismo siente la necesidad de refrigerar m\u00e1s y emplea menos recursos en el proceso digestivo.<\/p>\n\n\n\n<p>Por otro lado, la sudoraci\u00f3n, m\u00e1s abundante en verano, hace que perdamos muchos m\u00e1s <strong>nutrientes y vitaminas<\/strong> que habremos de recuperar mediante la alimentaci\u00f3n. Por ello, adem\u00e1s de mantenernos bien hidratados a lo largo del d\u00eda, debemos consumir nutrientes que cubran las necesidades del organismo. Deben ser ricos en vitamina C, betacarotenos, vitaminas A y D, Omega 3 y potasio.&nbsp;<\/p>\n\n\n\n<h2 class=\"wp-block-heading\">Las frutas y las verduras de temporada contribuir\u00e1n a cubrir estas necesidades<\/h2>\n\n\n\n<p>La<strong> berenjena<\/strong> es una de las verduras de la temporada estival, no solo tiene un alto contenido de agua sino tambi\u00e9n un bajo aporte cal\u00f3rico. Adem\u00e1s, es rica en calcio, f\u00f3sforo y hierro en antioxidantes y flavonoides.&nbsp;<\/p>\n\n\n\n<p>Otro de los vegetales t\u00edpicos del verano, que destaca por su versatilidad a la hora de prepararlo, es el <strong>calabac\u00edn.<\/strong> M\u00e1s del 90% de su contenido es de agua, nos aporta mucha fibra y minerales como el potasio, f\u00f3sforo, calcio y magnesio, adem\u00e1s de vitaminas A, B, C y E.<\/p>\n\n\n\n<p>La<strong> zanahoria<\/strong> tambi\u00e9n puede consumirse de muy diversas maneras, incluso hay quien las utiliza para sustituir a las golosinas. Se trata de un alimento muy digestivo y diur\u00e9tico, es roca en fibra, antioxidantes como el betacaroteno, responsable de su caracter\u00edstico color naranja&nbsp; y vitaminas A y C.<\/p>\n\n\n\n<p>Entre las frutas t\u00edpicas del verano destacan sin duda la <strong>sand\u00eda y el mel\u00f3n<\/strong>. Ambos coinciden en ser muy ricos en agua (entre el 90 y el 95%) y un bajo aporte cal\u00f3rico. Y tambi\u00e9n en sus contenidos en vitaminas y antioxidantes.&nbsp;<\/p>\n\n\n\n<p>Tambi\u00e9n son frutas de verano el <strong>melocot\u00f3n y la nectarina.<\/strong> Son muy ricos en carotenos, un importante antioxidante, apenas tienen grasas, pero son ricos en fibra, su aporte cal\u00f3rico tambi\u00e9n es reducido y nos aportan una amplia variedad de vitaminas y minerales.<\/p>\n\n\n\n<p>En cuanto a otro tipo de alimentos t\u00edpicos del verano, podemos mencionar dos pescados cono son el<strong> bonito y la sardina<\/strong> que nos ayudar\u00e1n a cubrir nuestras necesidades de prote\u00ednas. El bonito es un pescado que admite muchas elaboraciones diferentes. Se trata de un pescado azul que nos aporta una dosis relevante de grasas saludables omega-3, adem\u00e1s de vitaminas A, B y D y minerales como potasio, magnesio, hierro o yodo.<\/p>\n\n\n\n<p>Por su parte, la sardina es rica en omega-3, pero tambi\u00e9n nos aporta fibra y vitaminas B12, B6 y D y minerales como hierro, potasio, zinc o yodo.<\/p>\n\n\n\n<p><span class=\"Apple-converted-space\">Si deseas iniciarte, actualizar tu formaci\u00f3n o especializarte en el mundo de la gastronom\u00eda, <a href=\"https:\/\/www.estudiahosteleria.com\/cocina?piloto=hw74\" target=\"_blank\" rel=\"noreferrer noopener\">esta es la formaci\u00f3n online en cocina que estabas buscando.<\/a><\/span><\/p>\n\n\n\n<div class=\"wp-block-buttons is-horizontal is-content-justification-center is-layout-flex wp-container-2\">\n<div class=\"wp-block-button\"><a class=\"wp-block-button__link has-white-color has-text-color has-background\" href=\"https:\/\/www.estudiahosteleria.com\/cocina?piloto=hw77\" style=\"border-radius:9px;background-color:#6d0c14\" target=\"_blank\" rel=\"noreferrer noopener\">\u00a1Inf\u00f3rmate sin compromiso!<\/a><\/div>\n<\/div>\n\n\n\n<p id=\"block-8196dfea-5659-4ffa-914a-25f9c70249d4\">Si te ha parecido interesante este post y quieres ampliar conocimientos o promocionar en tu profesi\u00f3n&nbsp;<a href=\"https:\/\/www.estudiahosteleria.com\/blog\/cocina\" target=\"_blank\" rel=\"noreferrer noopener\">te animamos a leer otros post de nuestro blog.<\/a><br>Recuerda que en&nbsp;<strong>ESAH<\/strong> ofrecemos una formaci\u00f3n espec\u00edfica en Hosteler\u00eda, Turismo, Enolog\u00eda, Gesti\u00f3n y Direcci\u00f3n, Organizaci\u00f3n de Eventos, Pasteler\u00eda y Cocina, puedes consultar toda nuestra oferta formativa en nuestra web: <a href=\"https:\/\/www.estudiahosteleria.com\/?piloto=w74\" target=\"_blank\" rel=\"noreferrer noopener\">www.estudiahosteleria.com<\/a><\/p>\n\n\n<div class=\"wp-block-image\">\n<figure class=\"aligncenter size-large is-resized\"><img decoding=\"async\" loading=\"lazy\" src=\"https:\/\/www.estudiahosteleria.com\/blog\/wp-content\/uploads\/2021\/03\/637x90_formacion_cocina_y_gastronomia.jpg\" alt=\"\" class=\"wp-image-13691\" width=\"708\" height=\"100\" srcset=\"https:\/\/www.estudiahosteleria.com\/blog\/wp-content\/uploads\/2021\/03\/637x90_formacion_cocina_y_gastronomia.jpg 637w, https:\/\/www.estudiahosteleria.com\/blog\/wp-content\/uploads\/2021\/03\/637x90_formacion_cocina_y_gastronomia-300x42.jpg 300w\" sizes=\"(max-width: 708px) 100vw, 708px\" \/><\/figure><\/div>","protected":false},"excerpt":{"rendered":"<p>Cada estaci\u00f3n tiene sus caracter\u00edsticas peculiares que afectan a todos los \u00e1mbitos de nuestra vida, incluida la alimentaci\u00f3n. En este sentido, el verano es una \u00e9poca en las que es importante consumir alimentos ligeros y que contengan mucha agua para mantenernos hidratados. M\u00e1xime con las olas de calor que estamos viviendo. Y es que nuestros biorritmos se ven afectados por los cambios en la temperatura y tambi\u00e9n por la cantidad de horas de sol que disfrutamos al d\u00eda. La alimentaci\u00f3n no es solo nuestra manera de recibir energ\u00eda para afrontar las jornadas. Sino que tambi\u00e9n tiene una relaci\u00f3n directa con nuestra salud tanto f\u00edsica como emocional. El calor del verano suele traer aparejada una mayor falta de apetito, algo que se refleja m\u00e1s en las personas mayores y en los ni\u00f1os. Ello se debe a que nuestro organismo siente la necesidad de refrigerar m\u00e1s y emplea menos recursos en el proceso digestivo. Por otro lado, la sudoraci\u00f3n, m\u00e1s abundante en verano, hace que perdamos muchos m\u00e1s nutrientes y vitaminas que habremos de recuperar mediante la alimentaci\u00f3n. Por ello, adem\u00e1s de mantenernos bien hidratados a lo largo del d\u00eda, debemos consumir nutrientes que cubran las necesidades del organismo. Deben ser ricos [&hellip;]<\/p>\n","protected":false},"author":35,"featured_media":15731,"comment_status":"open","ping_status":"open","sticky":false,"template":"","format":"standard","meta":[],"categories":[553],"tags":[1991,807,1992],"yoast_head":"<!-- This site is optimized with the Yoast SEO plugin v20.11 - https:\/\/yoast.com\/wordpress\/plugins\/seo\/ -->\n<title>Gastronom\u00eda - La lista de alimentos imprescindible para el verano<\/title>\n<meta name=\"description\" content=\"Cada estaci\u00f3n tiene sus caracter\u00edsticas peculiares que afectan a todos los \u00e1mbitos de nuestra vida, incluida la alimentaci\u00f3n. En este sentido, el verano\" \/>\n<meta name=\"robots\" content=\"index, follow, max-snippet:-1, max-image-preview:large, max-video-preview:-1\" \/>\n<link rel=\"canonical\" href=\"https:\/\/www.estudiahosteleria.com\/blog\/gastronomia\/alimentos-verano\" \/>\n<meta property=\"og:locale\" content=\"es_ES\" \/>\n<meta property=\"og:type\" content=\"article\" \/>\n<meta property=\"og:title\" content=\"Gastronom\u00eda - La lista de alimentos imprescindible para el verano\" \/>\n<meta property=\"og:description\" content=\"Cada estaci\u00f3n tiene sus caracter\u00edsticas peculiares que afectan a todos los \u00e1mbitos de nuestra vida, incluida la alimentaci\u00f3n. En este sentido, el verano\" \/>\n<meta property=\"og:url\" content=\"https:\/\/www.estudiahosteleria.com\/blog\/gastronomia\/alimentos-verano\" \/>\n<meta property=\"og:site_name\" content=\"Blog de la Escuela ESAH\" \/>\n<meta property=\"article:publisher\" content=\"https:\/\/www.facebook.com\/CampusSEAS\" \/>\n<meta property=\"article:published_time\" content=\"2022-08-04T17:07:00+00:00\" \/>\n<meta property=\"article:modified_time\" content=\"2022-09-16T12:59:36+00:00\" \/>\n<meta property=\"og:image\" content=\"https:\/\/www.estudiahosteleria.com\/blog\/wp-content\/uploads\/2022\/07\/alimentos-verano.jpg\" \/>\n\t<meta property=\"og:image:width\" content=\"637\" \/>\n\t<meta property=\"og:image:height\" content=\"240\" \/>\n\t<meta property=\"og:image:type\" content=\"image\/jpeg\" \/>\n<meta name=\"author\" content=\"Ana Reb\u00f3n\" \/>\n<meta name=\"twitter:card\" content=\"summary_large_image\" \/>\n<meta name=\"twitter:creator\" content=\"@Campus_SEAS\" \/>\n<meta name=\"twitter:site\" content=\"@Campus_SEAS\" \/>\n<meta name=\"twitter:label1\" content=\"Escrito por\" \/>\n\t<meta name=\"twitter:data1\" content=\"Ana Reb\u00f3n\" \/>\n\t<meta name=\"twitter:label2\" content=\"Tiempo de lectura\" \/>\n\t<meta name=\"twitter:data2\" content=\"4 minutos\" \/>\n<script type=\"application\/ld+json\" class=\"yoast-schema-graph\">{\"@context\":\"https:\/\/schema.org\",\"@graph\":[{\"@type\":\"Article\",\"@id\":\"https:\/\/www.estudiahosteleria.com\/blog\/gastronomia\/alimentos-verano#article\",\"isPartOf\":{\"@id\":\"https:\/\/www.estudiahosteleria.com\/blog\/gastronomia\/alimentos-verano\"},\"author\":{\"name\":\"Ana Reb\u00f3n\",\"@id\":\"https:\/\/www.estudiahosteleria.com\/blog\/#\/schema\/person\/f7f9391e11113d0ed818f18383af9ca2\"},\"headline\":\"La lista de alimentos imprescindible para el verano\",\"datePublished\":\"2022-08-04T17:07:00+00:00\",\"dateModified\":\"2022-09-16T12:59:36+00:00\",\"mainEntityOfPage\":{\"@id\":\"https:\/\/www.estudiahosteleria.com\/blog\/gastronomia\/alimentos-verano\"},\"wordCount\":696,\"commentCount\":0,\"publisher\":{\"@id\":\"https:\/\/www.estudiahosteleria.com\/blog\/#organization\"},\"keywords\":[\"aliemntos verano\",\"Curso de Cocinero Profesional\",\"frutas verano\"],\"articleSection\":[\"Gastronom\u00eda\"],\"inLanguage\":\"es\",\"potentialAction\":[{\"@type\":\"CommentAction\",\"name\":\"Comment\",\"target\":[\"https:\/\/www.estudiahosteleria.com\/blog\/gastronomia\/alimentos-verano#respond\"]}]},{\"@type\":\"WebPage\",\"@id\":\"https:\/\/www.estudiahosteleria.com\/blog\/gastronomia\/alimentos-verano\",\"url\":\"https:\/\/www.estudiahosteleria.com\/blog\/gastronomia\/alimentos-verano\",\"name\":\"Gastronom\u00eda - La lista de alimentos imprescindible para el verano\",\"isPartOf\":{\"@id\":\"https:\/\/www.estudiahosteleria.com\/blog\/#website\"},\"datePublished\":\"2022-08-04T17:07:00+00:00\",\"dateModified\":\"2022-09-16T12:59:36+00:00\",\"description\":\"Cada estaci\u00f3n tiene sus caracter\u00edsticas peculiares que afectan a todos los \u00e1mbitos de nuestra vida, incluida la alimentaci\u00f3n. En este sentido, el verano\",\"inLanguage\":\"es\",\"potentialAction\":[{\"@type\":\"ReadAction\",\"target\":[\"https:\/\/www.estudiahosteleria.com\/blog\/gastronomia\/alimentos-verano\"]}]},{\"@type\":\"WebSite\",\"@id\":\"https:\/\/www.estudiahosteleria.com\/blog\/#website\",\"url\":\"https:\/\/www.estudiahosteleria.com\/blog\/\",\"name\":\"Blog de la Escuela ESAH\",\"description\":\"Blog de la Escuela ESAH, Estudios Superiores Abiertos de Hosteleria\",\"publisher\":{\"@id\":\"https:\/\/www.estudiahosteleria.com\/blog\/#organization\"},\"potentialAction\":[{\"@type\":\"SearchAction\",\"target\":{\"@type\":\"EntryPoint\",\"urlTemplate\":\"https:\/\/www.estudiahosteleria.com\/blog\/?s={search_term_string}\"},\"query-input\":\"required name=search_term_string\"}],\"inLanguage\":\"es\"},{\"@type\":\"Organization\",\"@id\":\"https:\/\/www.estudiahosteleria.com\/blog\/#organization\",\"name\":\"ESAH, Estudios Superiores Abiertos en Hosteler\u00eda\",\"url\":\"https:\/\/www.estudiahosteleria.com\/blog\/\",\"logo\":{\"@type\":\"ImageObject\",\"inLanguage\":\"es\",\"@id\":\"https:\/\/www.estudiahosteleria.com\/blog\/#\/schema\/logo\/image\/\",\"url\":\"https:\/\/www.estudiahosteleria.com\/blog\/wp-content\/uploads\/2018\/11\/imagen_twitter_blog_esah.jpg\",\"contentUrl\":\"https:\/\/www.estudiahosteleria.com\/blog\/wp-content\/uploads\/2018\/11\/imagen_twitter_blog_esah.jpg\",\"width\":512,\"height\":512,\"caption\":\"ESAH, Estudios Superiores Abiertos en Hosteler\u00eda\"},\"image\":{\"@id\":\"https:\/\/www.estudiahosteleria.com\/blog\/#\/schema\/logo\/image\/\"},\"sameAs\":[\"https:\/\/www.facebook.com\/CampusSEAS\",\"https:\/\/twitter.com\/Campus_SEAS\",\"https:\/\/www.instagram.com\/campus_seas\",\"http:\/\/www.linkedin.com\/company\/seas-estudios-superiores-abiertos\",\"https:\/\/www.youtube.com\/@Campus_SEAS\"]},{\"@type\":\"Person\",\"@id\":\"https:\/\/www.estudiahosteleria.com\/blog\/#\/schema\/person\/f7f9391e11113d0ed818f18383af9ca2\",\"name\":\"Ana Reb\u00f3n\",\"image\":{\"@type\":\"ImageObject\",\"inLanguage\":\"es\",\"@id\":\"https:\/\/www.estudiahosteleria.com\/blog\/#\/schema\/person\/image\/\",\"url\":\"https:\/\/secure.gravatar.com\/avatar\/9594d6208061ad1eddc95db511642fe5?s=96&r=g\",\"contentUrl\":\"https:\/\/secure.gravatar.com\/avatar\/9594d6208061ad1eddc95db511642fe5?s=96&r=g\",\"caption\":\"Ana Reb\u00f3n\"},\"description\":\"ESAH, Estudios Superiores Abiertos de Hosteler\u00eda es la escuela de restauraci\u00f3n y turismo online de referencia a nivel internacional de La Escuela de Hosteler\u00eda de Sevilla,\u00a0el Grupo Lezama, y SEAS, Estudios Superiores Abiertos (Grupo San Valero). Visita\u00a0EstudiaHosteleria.com\u00a0para consultar nuestra oferta formativa de\u00a0cursos y m\u00e1sters.\u00a0Formaci\u00f3n profesional para el empleo de calidad y accesible para todos.\",\"url\":\"https:\/\/www.estudiahosteleria.com\/blog\/author\/ana-rebon\"}]}<\/script>\n<!-- \/ Yoast SEO plugin. -->","yoast_head_json":{"title":"Gastronom\u00eda - La lista de alimentos imprescindible para el verano","description":"Cada estaci\u00f3n tiene sus caracter\u00edsticas peculiares que afectan a todos los \u00e1mbitos de nuestra vida, incluida la alimentaci\u00f3n. En este sentido, el verano","robots":{"index":"index","follow":"follow","max-snippet":"max-snippet:-1","max-image-preview":"max-image-preview:large","max-video-preview":"max-video-preview:-1"},"canonical":"https:\/\/www.estudiahosteleria.com\/blog\/gastronomia\/alimentos-verano","og_locale":"es_ES","og_type":"article","og_title":"Gastronom\u00eda - La lista de alimentos imprescindible para el verano","og_description":"Cada estaci\u00f3n tiene sus caracter\u00edsticas peculiares que afectan a todos los \u00e1mbitos de nuestra vida, incluida la alimentaci\u00f3n. En este sentido, el verano","og_url":"https:\/\/www.estudiahosteleria.com\/blog\/gastronomia\/alimentos-verano","og_site_name":"Blog de la Escuela ESAH","article_publisher":"https:\/\/www.facebook.com\/CampusSEAS","article_published_time":"2022-08-04T17:07:00+00:00","article_modified_time":"2022-09-16T12:59:36+00:00","og_image":[{"width":637,"height":240,"url":"https:\/\/www.estudiahosteleria.com\/blog\/wp-content\/uploads\/2022\/07\/alimentos-verano.jpg","type":"image\/jpeg"}],"author":"Ana Reb\u00f3n","twitter_card":"summary_large_image","twitter_creator":"@Campus_SEAS","twitter_site":"@Campus_SEAS","twitter_misc":{"Escrito por":"Ana Reb\u00f3n","Tiempo de lectura":"4 minutos"},"schema":{"@context":"https:\/\/schema.org","@graph":[{"@type":"Article","@id":"https:\/\/www.estudiahosteleria.com\/blog\/gastronomia\/alimentos-verano#article","isPartOf":{"@id":"https:\/\/www.estudiahosteleria.com\/blog\/gastronomia\/alimentos-verano"},"author":{"name":"Ana Reb\u00f3n","@id":"https:\/\/www.estudiahosteleria.com\/blog\/#\/schema\/person\/f7f9391e11113d0ed818f18383af9ca2"},"headline":"La lista de alimentos imprescindible para el verano","datePublished":"2022-08-04T17:07:00+00:00","dateModified":"2022-09-16T12:59:36+00:00","mainEntityOfPage":{"@id":"https:\/\/www.estudiahosteleria.com\/blog\/gastronomia\/alimentos-verano"},"wordCount":696,"commentCount":0,"publisher":{"@id":"https:\/\/www.estudiahosteleria.com\/blog\/#organization"},"keywords":["aliemntos verano","Curso de Cocinero Profesional","frutas verano"],"articleSection":["Gastronom\u00eda"],"inLanguage":"es","potentialAction":[{"@type":"CommentAction","name":"Comment","target":["https:\/\/www.estudiahosteleria.com\/blog\/gastronomia\/alimentos-verano#respond"]}]},{"@type":"WebPage","@id":"https:\/\/www.estudiahosteleria.com\/blog\/gastronomia\/alimentos-verano","url":"https:\/\/www.estudiahosteleria.com\/blog\/gastronomia\/alimentos-verano","name":"Gastronom\u00eda - La lista de alimentos imprescindible para el verano","isPartOf":{"@id":"https:\/\/www.estudiahosteleria.com\/blog\/#website"},"datePublished":"2022-08-04T17:07:00+00:00","dateModified":"2022-09-16T12:59:36+00:00","description":"Cada estaci\u00f3n tiene sus caracter\u00edsticas peculiares que afectan a todos los \u00e1mbitos de nuestra vida, incluida la alimentaci\u00f3n. En este sentido, el verano","inLanguage":"es","potentialAction":[{"@type":"ReadAction","target":["https:\/\/www.estudiahosteleria.com\/blog\/gastronomia\/alimentos-verano"]}]},{"@type":"WebSite","@id":"https:\/\/www.estudiahosteleria.com\/blog\/#website","url":"https:\/\/www.estudiahosteleria.com\/blog\/","name":"Blog de la Escuela ESAH","description":"Blog de la Escuela ESAH, Estudios Superiores Abiertos de Hosteleria","publisher":{"@id":"https:\/\/www.estudiahosteleria.com\/blog\/#organization"},"potentialAction":[{"@type":"SearchAction","target":{"@type":"EntryPoint","urlTemplate":"https:\/\/www.estudiahosteleria.com\/blog\/?s={search_term_string}"},"query-input":"required name=search_term_string"}],"inLanguage":"es"},{"@type":"Organization","@id":"https:\/\/www.estudiahosteleria.com\/blog\/#organization","name":"ESAH, Estudios Superiores Abiertos en Hosteler\u00eda","url":"https:\/\/www.estudiahosteleria.com\/blog\/","logo":{"@type":"ImageObject","inLanguage":"es","@id":"https:\/\/www.estudiahosteleria.com\/blog\/#\/schema\/logo\/image\/","url":"https:\/\/www.estudiahosteleria.com\/blog\/wp-content\/uploads\/2018\/11\/imagen_twitter_blog_esah.jpg","contentUrl":"https:\/\/www.estudiahosteleria.com\/blog\/wp-content\/uploads\/2018\/11\/imagen_twitter_blog_esah.jpg","width":512,"height":512,"caption":"ESAH, Estudios Superiores Abiertos en Hosteler\u00eda"},"image":{"@id":"https:\/\/www.estudiahosteleria.com\/blog\/#\/schema\/logo\/image\/"},"sameAs":["https:\/\/www.facebook.com\/CampusSEAS","https:\/\/twitter.com\/Campus_SEAS","https:\/\/www.instagram.com\/campus_seas","http:\/\/www.linkedin.com\/company\/seas-estudios-superiores-abiertos","https:\/\/www.youtube.com\/@Campus_SEAS"]},{"@type":"Person","@id":"https:\/\/www.estudiahosteleria.com\/blog\/#\/schema\/person\/f7f9391e11113d0ed818f18383af9ca2","name":"Ana Reb\u00f3n","image":{"@type":"ImageObject","inLanguage":"es","@id":"https:\/\/www.estudiahosteleria.com\/blog\/#\/schema\/person\/image\/","url":"https:\/\/secure.gravatar.com\/avatar\/9594d6208061ad1eddc95db511642fe5?s=96&r=g","contentUrl":"https:\/\/secure.gravatar.com\/avatar\/9594d6208061ad1eddc95db511642fe5?s=96&r=g","caption":"Ana Reb\u00f3n"},"description":"ESAH, Estudios Superiores Abiertos de Hosteler\u00eda es la escuela de restauraci\u00f3n y turismo online de referencia a nivel internacional de La Escuela de Hosteler\u00eda de Sevilla,\u00a0el Grupo Lezama, y SEAS, Estudios Superiores Abiertos (Grupo San Valero). Visita\u00a0EstudiaHosteleria.com\u00a0para consultar nuestra oferta formativa de\u00a0cursos y m\u00e1sters.\u00a0Formaci\u00f3n profesional para el empleo de calidad y accesible para todos.","url":"https:\/\/www.estudiahosteleria.com\/blog\/author\/ana-rebon"}]}},"_links":{"self":[{"href":"https:\/\/www.estudiahosteleria.com\/blog\/wp-json\/wp\/v2\/posts\/15730"}],"collection":[{"href":"https:\/\/www.estudiahosteleria.com\/blog\/wp-json\/wp\/v2\/posts"}],"about":[{"href":"https:\/\/www.estudiahosteleria.com\/blog\/wp-json\/wp\/v2\/types\/post"}],"author":[{"embeddable":true,"href":"https:\/\/www.estudiahosteleria.com\/blog\/wp-json\/wp\/v2\/users\/35"}],"replies":[{"embeddable":true,"href":"https:\/\/www.estudiahosteleria.com\/blog\/wp-json\/wp\/v2\/comments?post=15730"}],"version-history":[{"count":2,"href":"https:\/\/www.estudiahosteleria.com\/blog\/wp-json\/wp\/v2\/posts\/15730\/revisions"}],"predecessor-version":[{"id":15938,"href":"https:\/\/www.estudiahosteleria.com\/blog\/wp-json\/wp\/v2\/posts\/15730\/revisions\/15938"}],"wp:featuredmedia":[{"embeddable":true,"href":"https:\/\/www.estudiahosteleria.com\/blog\/wp-json\/wp\/v2\/media\/15731"}],"wp:attachment":[{"href":"https:\/\/www.estudiahosteleria.com\/blog\/wp-json\/wp\/v2\/media?parent=15730"}],"wp:term":[{"taxonomy":"category","embeddable":true,"href":"https:\/\/www.estudiahosteleria.com\/blog\/wp-json\/wp\/v2\/categories?post=15730"},{"taxonomy":"post_tag","embeddable":true,"href":"https:\/\/www.estudiahosteleria.com\/blog\/wp-json\/wp\/v2\/tags?post=15730"}],"curies":[{"name":"wp","href":"https:\/\/api.w.org\/{rel}","templated":true}]}}