{"id":15773,"date":"2022-08-12T13:54:45","date_gmt":"2022-08-12T11:54:45","guid":{"rendered":"https:\/\/www.estudiahosteleria.com\/blog\/?p=15773"},"modified":"2023-02-20T13:44:30","modified_gmt":"2023-02-20T12:44:30","slug":"el-protocolo-de-una-espada-polemica","status":"publish","type":"post","link":"https:\/\/www.estudiahosteleria.com\/blog\/organizacion-eventos-protocolo\/el-protocolo-de-una-espada-polemica","title":{"rendered":"El protocolo de una espada pol\u00e9mica"},"content":{"rendered":"\n<p>El rey Felipe VI se ha visto envuelto en una gran pol\u00e9mica por no levantarse al paso de la espada de Sim\u00f3n Bol\u00edvar durante la toma de posesi\u00f3n de Gustavo Petro como nuevo presidente de Colombia.<\/p>\n\n\n\n<p>Nuestro monarca es el jefe de Estado espa\u00f1ol y en su persona recae la representaci\u00f3n internacional. Se convierte, muchas veces, en s\u00edmbolo del Estado y pese a buscar pol\u00e9mica donde no existe, respeta los s\u00edmbolos de los dem\u00e1s Estados.<\/p>\n\n\n\n<p>Seg\u00fan recoge la ley 12 de 1984 de Colombia, los s\u00edmbolos patrios del pa\u00eds son &#8220;la bandera, el Escudo y el Himno Nacional&#8221; y ante ellos, como marca el protocolo, Su Majestad se alz\u00f3 y mostr\u00f3 pleites\u00eda.<\/p>\n\n\n\n<h2 class=\"wp-block-heading\">La espada de Bol\u00edvar no es un s\u00edmbolo del Estado<\/h2>\n\n\n\n<p>Que Petro decidiese a \u00faltima hora la presencia de una espada no merece legalmente ning\u00fan trato distinto, as\u00ed que don Felipe hizo lo correcto al no levantarse. Es como si en Espa\u00f1a fuese obligatorio mostrar respeto a la mano de Santa Teresa. O a la cabra de la Legi\u00f3n.<\/p>\n\n\n\n<p>Adem\u00e1s, para concluir con la pol\u00e9mica, el equipo de protocolo de Casa Real recibe antes de cualquier acto el programa de posesi\u00f3n en el que se explica c\u00f3mo ser\u00e1 la ceremonia. En ese planning no aparec\u00eda la interrupci\u00f3n de la espada de Bol\u00edvar, que fue algo improvisado por el presidente reci\u00e9n nombrado. De hecho, el presidente saliente, Iv\u00e1n Duque, hab\u00eda denegado la petici\u00f3n de Petro para que la espada estuviera presente durante la investidura.<\/p>\n\n\n\n<p>En Colombia, ni Gustavo Petro ni ning\u00fan otro dirigente pol\u00edtico atac\u00f3 al Rey, se mostr\u00f3 ofendido por que permaneciera sentado ni mencion\u00f3 a Espa\u00f1a en su discurso. Tan solo cierto partido pol\u00edtico espa\u00f1ol ha querido, como vemos sin raz\u00f3n, ensuciar el gesto del monarca.<\/p>\n\n\n\n<h3 class=\"wp-block-heading\">El Rey no fue el \u00fanico en no levantarse<\/h3>\n\n\n\n<p>Por \u00faltimo, tenemos que a\u00f1adir que no es cierto que el monarca espa\u00f1ol fuese la \u00fanica persona que no se levant\u00f3 ante la espada de Bol\u00edvar: el presidente de Argentina, Alberto Fern\u00e1ndez y su hom\u00f3logo de Costa Rica, Rodrigo Chaves, tampoco se alzaron de su asiento ante el desfile del s\u00edmbolo de una guerrilla cada vez m\u00e1s lejana.<\/p>\n\n\n\n<p><a href=\"https:\/\/videos.elmundo.es\/v\/0_m614ztvm-el-rey-felipe-vi-no-se-levanta-al-paso-de-la-espada-de-simon-bolivar-en-colombia\" target=\"_blank\" rel=\"noreferrer noopener\">Enlace a video del momento<\/a><\/p>\n\n\n\n<p><span class=\"Apple-converted-space\">Si deseas especializarte en Organizaci\u00f3n de Eventos y Protocolo, <a href=\"https:\/\/www.estudiahosteleria.com\/organizacion-eventos?piloto=w74\">esta es la formaci\u00f3n online en organizaci\u00f3n de eventos que estabas buscando.<\/a><\/span><\/p>\n\n\n\n<div class=\"wp-block-buttons is-horizontal is-content-justification-center is-layout-flex wp-container-2\">\n<div class=\"wp-block-button\"><a class=\"wp-block-button__link has-white-color has-text-color has-background\" href=\"https:\/\/www.estudiahosteleria.com\/organizacion-eventos?piloto=hw77\" style=\"border-radius:9px;background-color:#6d0c14\">\u00a1Inf\u00f3rmate sin compromiso!<\/a><\/div>\n<\/div>\n\n\n\n<hr class=\"wp-block-separator has-css-opacity\"\/>\n\n\n\n<p id=\"block-8196dfea-5659-4ffa-914a-25f9c70249d4\">Si te ha parecido interesante este post y quieres ampliar conocimientos o promocionar en tu profesi\u00f3n\u00a0<a href=\"https:\/\/www.estudiahosteleria.com\/blog\/organizacion-eventos-protocolo?piloto=w74\">te animamos a leer otros post de nuestro blog.<\/a><br><br>Recuerda que en\u00a0<strong>ESAH<\/strong> ofrecemos una formaci\u00f3n espec\u00edfica en Hosteler\u00eda, Turismo, Enolog\u00eda, Gesti\u00f3n y Direcci\u00f3n, Organizaci\u00f3n de Eventos, Pasteler\u00eda y Cocina, puedes consultar toda nuestra oferta formativa en nuestra web: <a href=\"https:\/\/www.estudiahosteleria.com\/?piloto=w74\" target=\"_blank\" rel=\"noreferrer noopener\">www.estudiahosteleria.com<\/a><\/p>\n\n\n<div class=\"wp-block-image\">\n<figure class=\"aligncenter size-large is-resized\"><img decoding=\"async\" loading=\"lazy\" src=\"https:\/\/www.estudiahosteleria.com\/blog\/wp-content\/uploads\/2021\/03\/637x90_area_org_eventos.jpg\" alt=\"\" class=\"wp-image-13686\" width=\"764\" height=\"108\" srcset=\"https:\/\/www.estudiahosteleria.com\/blog\/wp-content\/uploads\/2021\/03\/637x90_area_org_eventos.jpg 637w, https:\/\/www.estudiahosteleria.com\/blog\/wp-content\/uploads\/2021\/03\/637x90_area_org_eventos-300x42.jpg 300w\" sizes=\"(max-width: 764px) 100vw, 764px\" \/><\/figure><\/div>","protected":false},"excerpt":{"rendered":"<p>El rey Felipe VI se ha visto envuelto en una gran pol\u00e9mica por no levantarse al paso de la espada de Sim\u00f3n Bol\u00edvar durante la toma de posesi\u00f3n de Gustavo Petro como nuevo presidente de Colombia. Nuestro monarca es el jefe de Estado espa\u00f1ol y en su persona recae la representaci\u00f3n internacional. Se convierte, muchas veces, en s\u00edmbolo del Estado y pese a buscar pol\u00e9mica donde no existe, respeta los s\u00edmbolos de los dem\u00e1s Estados. Seg\u00fan recoge la ley 12 de 1984 de Colombia, los s\u00edmbolos patrios del pa\u00eds son &#8220;la bandera, el Escudo y el Himno Nacional&#8221; y ante ellos, como marca el protocolo, Su Majestad se alz\u00f3 y mostr\u00f3 pleites\u00eda. La espada de Bol\u00edvar no es un s\u00edmbolo del Estado Que Petro decidiese a \u00faltima hora la presencia de una espada no merece legalmente ning\u00fan trato distinto, as\u00ed que don Felipe hizo lo correcto al no levantarse. Es como si en Espa\u00f1a fuese obligatorio mostrar respeto a la mano de Santa Teresa. O a la cabra de la Legi\u00f3n. Adem\u00e1s, para concluir con la pol\u00e9mica, el equipo de protocolo de Casa Real recibe antes de cualquier acto el programa de posesi\u00f3n en el que se explica c\u00f3mo ser\u00e1 [&hellip;]<\/p>\n","protected":false},"author":23,"featured_media":15775,"comment_status":"open","ping_status":"closed","sticky":false,"template":"","format":"standard","meta":[],"categories":[1048],"tags":[],"yoast_head":"<!-- This site is optimized with the Yoast SEO plugin v20.11 - https:\/\/yoast.com\/wordpress\/plugins\/seo\/ -->\n<title>Organizaci\u00f3n de eventos y protocolo - El protocolo de una espada pol\u00e9mica<\/title>\n<meta name=\"description\" content=\"El rey Felipe VI se ha visto envuelto en una gran pol\u00e9mica por no levantarse al paso de la espada de Sim\u00f3n Bol\u00edvar.\" \/>\n<meta name=\"robots\" content=\"index, follow, max-snippet:-1, max-image-preview:large, max-video-preview:-1\" \/>\n<link rel=\"canonical\" href=\"https:\/\/www.estudiahosteleria.com\/blog\/organizacion-eventos-protocolo\/el-protocolo-de-una-espada-polemica\" \/>\n<meta property=\"og:locale\" content=\"es_ES\" \/>\n<meta property=\"og:type\" content=\"article\" \/>\n<meta property=\"og:title\" content=\"Organizaci\u00f3n de eventos y protocolo - El protocolo de una espada pol\u00e9mica\" \/>\n<meta property=\"og:description\" content=\"El rey Felipe VI se ha visto envuelto en una gran pol\u00e9mica por no levantarse al paso de la espada de Sim\u00f3n Bol\u00edvar.\" \/>\n<meta property=\"og:url\" content=\"https:\/\/www.estudiahosteleria.com\/blog\/organizacion-eventos-protocolo\/el-protocolo-de-una-espada-polemica\" \/>\n<meta property=\"og:site_name\" content=\"Blog de la Escuela ESAH\" \/>\n<meta property=\"article:publisher\" content=\"https:\/\/www.facebook.com\/CampusSEAS\" \/>\n<meta property=\"article:author\" content=\"https:\/\/www.facebook.com\/ESAHEstudiosSuperioresAbiertosdeHosteleria\" \/>\n<meta property=\"article:published_time\" content=\"2022-08-12T11:54:45+00:00\" \/>\n<meta property=\"article:modified_time\" content=\"2023-02-20T12:44:30+00:00\" \/>\n<meta property=\"og:image\" content=\"https:\/\/www.estudiahosteleria.com\/blog\/wp-content\/uploads\/2022\/08\/cabecera-rey-espada-bolivar-blog-esah.jpg\" \/>\n\t<meta property=\"og:image:width\" content=\"637\" \/>\n\t<meta property=\"og:image:height\" content=\"240\" \/>\n\t<meta property=\"og:image:type\" content=\"image\/jpeg\" \/>\n<meta name=\"author\" content=\"Maira \u00c1lvarez Mateos\" \/>\n<meta name=\"twitter:card\" content=\"summary_large_image\" \/>\n<meta name=\"twitter:creator\" content=\"@ESAH_Hosteleria\" \/>\n<meta name=\"twitter:site\" content=\"@Campus_SEAS\" \/>\n<meta name=\"twitter:label1\" content=\"Escrito por\" \/>\n\t<meta name=\"twitter:data1\" content=\"Maira \u00c1lvarez Mateos\" \/>\n\t<meta name=\"twitter:label2\" content=\"Tiempo de lectura\" \/>\n\t<meta name=\"twitter:data2\" content=\"3 minutos\" \/>\n<script type=\"application\/ld+json\" class=\"yoast-schema-graph\">{\"@context\":\"https:\/\/schema.org\",\"@graph\":[{\"@type\":\"Article\",\"@id\":\"https:\/\/www.estudiahosteleria.com\/blog\/organizacion-eventos-protocolo\/el-protocolo-de-una-espada-polemica#article\",\"isPartOf\":{\"@id\":\"https:\/\/www.estudiahosteleria.com\/blog\/organizacion-eventos-protocolo\/el-protocolo-de-una-espada-polemica\"},\"author\":{\"name\":\"Maira \u00c1lvarez Mateos\",\"@id\":\"https:\/\/www.estudiahosteleria.com\/blog\/#\/schema\/person\/942b7ca24ec75db1045ea3347f11fe24\"},\"headline\":\"El protocolo de una espada pol\u00e9mica\",\"datePublished\":\"2022-08-12T11:54:45+00:00\",\"dateModified\":\"2023-02-20T12:44:30+00:00\",\"mainEntityOfPage\":{\"@id\":\"https:\/\/www.estudiahosteleria.com\/blog\/organizacion-eventos-protocolo\/el-protocolo-de-una-espada-polemica\"},\"wordCount\":504,\"commentCount\":0,\"publisher\":{\"@id\":\"https:\/\/www.estudiahosteleria.com\/blog\/#organization\"},\"articleSection\":[\"Organizaci\u00f3n de eventos y protocolo\"],\"inLanguage\":\"es\",\"potentialAction\":[{\"@type\":\"CommentAction\",\"name\":\"Comment\",\"target\":[\"https:\/\/www.estudiahosteleria.com\/blog\/organizacion-eventos-protocolo\/el-protocolo-de-una-espada-polemica#respond\"]}]},{\"@type\":\"WebPage\",\"@id\":\"https:\/\/www.estudiahosteleria.com\/blog\/organizacion-eventos-protocolo\/el-protocolo-de-una-espada-polemica\",\"url\":\"https:\/\/www.estudiahosteleria.com\/blog\/organizacion-eventos-protocolo\/el-protocolo-de-una-espada-polemica\",\"name\":\"Organizaci\u00f3n de eventos y protocolo - El protocolo de una espada pol\u00e9mica\",\"isPartOf\":{\"@id\":\"https:\/\/www.estudiahosteleria.com\/blog\/#website\"},\"datePublished\":\"2022-08-12T11:54:45+00:00\",\"dateModified\":\"2023-02-20T12:44:30+00:00\",\"description\":\"El rey Felipe VI se ha visto envuelto en una gran pol\u00e9mica por no levantarse al paso de la espada de Sim\u00f3n Bol\u00edvar.\",\"inLanguage\":\"es\",\"potentialAction\":[{\"@type\":\"ReadAction\",\"target\":[\"https:\/\/www.estudiahosteleria.com\/blog\/organizacion-eventos-protocolo\/el-protocolo-de-una-espada-polemica\"]}]},{\"@type\":\"WebSite\",\"@id\":\"https:\/\/www.estudiahosteleria.com\/blog\/#website\",\"url\":\"https:\/\/www.estudiahosteleria.com\/blog\/\",\"name\":\"Blog de la Escuela ESAH\",\"description\":\"Blog de la Escuela ESAH, Estudios Superiores Abiertos de Hosteleria\",\"publisher\":{\"@id\":\"https:\/\/www.estudiahosteleria.com\/blog\/#organization\"},\"potentialAction\":[{\"@type\":\"SearchAction\",\"target\":{\"@type\":\"EntryPoint\",\"urlTemplate\":\"https:\/\/www.estudiahosteleria.com\/blog\/?s={search_term_string}\"},\"query-input\":\"required name=search_term_string\"}],\"inLanguage\":\"es\"},{\"@type\":\"Organization\",\"@id\":\"https:\/\/www.estudiahosteleria.com\/blog\/#organization\",\"name\":\"ESAH, Estudios Superiores Abiertos en Hosteler\u00eda\",\"url\":\"https:\/\/www.estudiahosteleria.com\/blog\/\",\"logo\":{\"@type\":\"ImageObject\",\"inLanguage\":\"es\",\"@id\":\"https:\/\/www.estudiahosteleria.com\/blog\/#\/schema\/logo\/image\/\",\"url\":\"https:\/\/www.estudiahosteleria.com\/blog\/wp-content\/uploads\/2018\/11\/imagen_twitter_blog_esah.jpg\",\"contentUrl\":\"https:\/\/www.estudiahosteleria.com\/blog\/wp-content\/uploads\/2018\/11\/imagen_twitter_blog_esah.jpg\",\"width\":512,\"height\":512,\"caption\":\"ESAH, Estudios Superiores Abiertos en Hosteler\u00eda\"},\"image\":{\"@id\":\"https:\/\/www.estudiahosteleria.com\/blog\/#\/schema\/logo\/image\/\"},\"sameAs\":[\"https:\/\/www.facebook.com\/CampusSEAS\",\"https:\/\/twitter.com\/Campus_SEAS\",\"https:\/\/www.instagram.com\/campus_seas\",\"http:\/\/www.linkedin.com\/company\/seas-estudios-superiores-abiertos\",\"https:\/\/www.youtube.com\/@Campus_SEAS\"]},{\"@type\":\"Person\",\"@id\":\"https:\/\/www.estudiahosteleria.com\/blog\/#\/schema\/person\/942b7ca24ec75db1045ea3347f11fe24\",\"name\":\"Maira \u00c1lvarez Mateos\",\"image\":{\"@type\":\"ImageObject\",\"inLanguage\":\"es\",\"@id\":\"https:\/\/www.estudiahosteleria.com\/blog\/#\/schema\/person\/image\/\",\"url\":\"https:\/\/secure.gravatar.com\/avatar\/be946d68390e5d7f050952a181127b0f?s=96&r=g\",\"contentUrl\":\"https:\/\/secure.gravatar.com\/avatar\/be946d68390e5d7f050952a181127b0f?s=96&r=g\",\"caption\":\"Maira \u00c1lvarez Mateos\"},\"description\":\"Licenciada en Periodismo por la Universidad San Pablo CEU- Madrid. MBA en Protocolo Institucional, Producci\u00f3n y Gesti\u00f3n de Eventos. Escuela Internacional de Protocolo y M\u00e1ster en direcci\u00f3n de entidades deportivas. Ha trabajado en varios medios nacionales como periodista y responsable de las publicaciones de protocolo y etiqueta. En 2017 fund\u00f3 Little Etiqueta y es docente del \u00e1rea de Organizaci\u00f3n de eventos de nuestra escuela online ESAH - EstudiaHosteleria.com Puedes consultar toda nuestra oferta formativa de cursos y m\u00e1steres en nuestra web.\",\"sameAs\":[\"https:\/\/www.estudiahosteleria.com\",\"https:\/\/www.facebook.com\/ESAHEstudiosSuperioresAbiertosdeHosteleria\",\"https:\/\/twitter.com\/ESAH_Hosteleria\"],\"url\":\"https:\/\/www.estudiahosteleria.com\/blog\/author\/maira-alvarez\"}]}<\/script>\n<!-- \/ Yoast SEO plugin. -->","yoast_head_json":{"title":"Organizaci\u00f3n de eventos y protocolo - El protocolo de una espada pol\u00e9mica","description":"El rey Felipe VI se ha visto envuelto en una gran pol\u00e9mica por no levantarse al paso de la espada de Sim\u00f3n Bol\u00edvar.","robots":{"index":"index","follow":"follow","max-snippet":"max-snippet:-1","max-image-preview":"max-image-preview:large","max-video-preview":"max-video-preview:-1"},"canonical":"https:\/\/www.estudiahosteleria.com\/blog\/organizacion-eventos-protocolo\/el-protocolo-de-una-espada-polemica","og_locale":"es_ES","og_type":"article","og_title":"Organizaci\u00f3n de eventos y protocolo - El protocolo de una espada pol\u00e9mica","og_description":"El rey Felipe VI se ha visto envuelto en una gran pol\u00e9mica por no levantarse al paso de la espada de Sim\u00f3n Bol\u00edvar.","og_url":"https:\/\/www.estudiahosteleria.com\/blog\/organizacion-eventos-protocolo\/el-protocolo-de-una-espada-polemica","og_site_name":"Blog de la Escuela ESAH","article_publisher":"https:\/\/www.facebook.com\/CampusSEAS","article_author":"https:\/\/www.facebook.com\/ESAHEstudiosSuperioresAbiertosdeHosteleria","article_published_time":"2022-08-12T11:54:45+00:00","article_modified_time":"2023-02-20T12:44:30+00:00","og_image":[{"width":637,"height":240,"url":"https:\/\/www.estudiahosteleria.com\/blog\/wp-content\/uploads\/2022\/08\/cabecera-rey-espada-bolivar-blog-esah.jpg","type":"image\/jpeg"}],"author":"Maira \u00c1lvarez Mateos","twitter_card":"summary_large_image","twitter_creator":"@ESAH_Hosteleria","twitter_site":"@Campus_SEAS","twitter_misc":{"Escrito por":"Maira \u00c1lvarez Mateos","Tiempo de lectura":"3 minutos"},"schema":{"@context":"https:\/\/schema.org","@graph":[{"@type":"Article","@id":"https:\/\/www.estudiahosteleria.com\/blog\/organizacion-eventos-protocolo\/el-protocolo-de-una-espada-polemica#article","isPartOf":{"@id":"https:\/\/www.estudiahosteleria.com\/blog\/organizacion-eventos-protocolo\/el-protocolo-de-una-espada-polemica"},"author":{"name":"Maira \u00c1lvarez Mateos","@id":"https:\/\/www.estudiahosteleria.com\/blog\/#\/schema\/person\/942b7ca24ec75db1045ea3347f11fe24"},"headline":"El protocolo de una espada pol\u00e9mica","datePublished":"2022-08-12T11:54:45+00:00","dateModified":"2023-02-20T12:44:30+00:00","mainEntityOfPage":{"@id":"https:\/\/www.estudiahosteleria.com\/blog\/organizacion-eventos-protocolo\/el-protocolo-de-una-espada-polemica"},"wordCount":504,"commentCount":0,"publisher":{"@id":"https:\/\/www.estudiahosteleria.com\/blog\/#organization"},"articleSection":["Organizaci\u00f3n de eventos y protocolo"],"inLanguage":"es","potentialAction":[{"@type":"CommentAction","name":"Comment","target":["https:\/\/www.estudiahosteleria.com\/blog\/organizacion-eventos-protocolo\/el-protocolo-de-una-espada-polemica#respond"]}]},{"@type":"WebPage","@id":"https:\/\/www.estudiahosteleria.com\/blog\/organizacion-eventos-protocolo\/el-protocolo-de-una-espada-polemica","url":"https:\/\/www.estudiahosteleria.com\/blog\/organizacion-eventos-protocolo\/el-protocolo-de-una-espada-polemica","name":"Organizaci\u00f3n de eventos y protocolo - El protocolo de una espada pol\u00e9mica","isPartOf":{"@id":"https:\/\/www.estudiahosteleria.com\/blog\/#website"},"datePublished":"2022-08-12T11:54:45+00:00","dateModified":"2023-02-20T12:44:30+00:00","description":"El rey Felipe VI se ha visto envuelto en una gran pol\u00e9mica por no levantarse al paso de la espada de Sim\u00f3n Bol\u00edvar.","inLanguage":"es","potentialAction":[{"@type":"ReadAction","target":["https:\/\/www.estudiahosteleria.com\/blog\/organizacion-eventos-protocolo\/el-protocolo-de-una-espada-polemica"]}]},{"@type":"WebSite","@id":"https:\/\/www.estudiahosteleria.com\/blog\/#website","url":"https:\/\/www.estudiahosteleria.com\/blog\/","name":"Blog de la Escuela ESAH","description":"Blog de la Escuela ESAH, Estudios Superiores Abiertos de Hosteleria","publisher":{"@id":"https:\/\/www.estudiahosteleria.com\/blog\/#organization"},"potentialAction":[{"@type":"SearchAction","target":{"@type":"EntryPoint","urlTemplate":"https:\/\/www.estudiahosteleria.com\/blog\/?s={search_term_string}"},"query-input":"required name=search_term_string"}],"inLanguage":"es"},{"@type":"Organization","@id":"https:\/\/www.estudiahosteleria.com\/blog\/#organization","name":"ESAH, Estudios Superiores Abiertos en Hosteler\u00eda","url":"https:\/\/www.estudiahosteleria.com\/blog\/","logo":{"@type":"ImageObject","inLanguage":"es","@id":"https:\/\/www.estudiahosteleria.com\/blog\/#\/schema\/logo\/image\/","url":"https:\/\/www.estudiahosteleria.com\/blog\/wp-content\/uploads\/2018\/11\/imagen_twitter_blog_esah.jpg","contentUrl":"https:\/\/www.estudiahosteleria.com\/blog\/wp-content\/uploads\/2018\/11\/imagen_twitter_blog_esah.jpg","width":512,"height":512,"caption":"ESAH, Estudios Superiores Abiertos en Hosteler\u00eda"},"image":{"@id":"https:\/\/www.estudiahosteleria.com\/blog\/#\/schema\/logo\/image\/"},"sameAs":["https:\/\/www.facebook.com\/CampusSEAS","https:\/\/twitter.com\/Campus_SEAS","https:\/\/www.instagram.com\/campus_seas","http:\/\/www.linkedin.com\/company\/seas-estudios-superiores-abiertos","https:\/\/www.youtube.com\/@Campus_SEAS"]},{"@type":"Person","@id":"https:\/\/www.estudiahosteleria.com\/blog\/#\/schema\/person\/942b7ca24ec75db1045ea3347f11fe24","name":"Maira \u00c1lvarez Mateos","image":{"@type":"ImageObject","inLanguage":"es","@id":"https:\/\/www.estudiahosteleria.com\/blog\/#\/schema\/person\/image\/","url":"https:\/\/secure.gravatar.com\/avatar\/be946d68390e5d7f050952a181127b0f?s=96&r=g","contentUrl":"https:\/\/secure.gravatar.com\/avatar\/be946d68390e5d7f050952a181127b0f?s=96&r=g","caption":"Maira \u00c1lvarez Mateos"},"description":"Licenciada en Periodismo por la Universidad San Pablo CEU- Madrid. MBA en Protocolo Institucional, Producci\u00f3n y Gesti\u00f3n de Eventos. Escuela Internacional de Protocolo y M\u00e1ster en direcci\u00f3n de entidades deportivas. Ha trabajado en varios medios nacionales como periodista y responsable de las publicaciones de protocolo y etiqueta. En 2017 fund\u00f3 Little Etiqueta y es docente del \u00e1rea de Organizaci\u00f3n de eventos de nuestra escuela online ESAH - EstudiaHosteleria.com Puedes consultar toda nuestra oferta formativa de cursos y m\u00e1steres en nuestra web.","sameAs":["https:\/\/www.estudiahosteleria.com","https:\/\/www.facebook.com\/ESAHEstudiosSuperioresAbiertosdeHosteleria","https:\/\/twitter.com\/ESAH_Hosteleria"],"url":"https:\/\/www.estudiahosteleria.com\/blog\/author\/maira-alvarez"}]}},"_links":{"self":[{"href":"https:\/\/www.estudiahosteleria.com\/blog\/wp-json\/wp\/v2\/posts\/15773"}],"collection":[{"href":"https:\/\/www.estudiahosteleria.com\/blog\/wp-json\/wp\/v2\/posts"}],"about":[{"href":"https:\/\/www.estudiahosteleria.com\/blog\/wp-json\/wp\/v2\/types\/post"}],"author":[{"embeddable":true,"href":"https:\/\/www.estudiahosteleria.com\/blog\/wp-json\/wp\/v2\/users\/23"}],"replies":[{"embeddable":true,"href":"https:\/\/www.estudiahosteleria.com\/blog\/wp-json\/wp\/v2\/comments?post=15773"}],"version-history":[{"count":4,"href":"https:\/\/www.estudiahosteleria.com\/blog\/wp-json\/wp\/v2\/posts\/15773\/revisions"}],"predecessor-version":[{"id":16498,"href":"https:\/\/www.estudiahosteleria.com\/blog\/wp-json\/wp\/v2\/posts\/15773\/revisions\/16498"}],"wp:featuredmedia":[{"embeddable":true,"href":"https:\/\/www.estudiahosteleria.com\/blog\/wp-json\/wp\/v2\/media\/15775"}],"wp:attachment":[{"href":"https:\/\/www.estudiahosteleria.com\/blog\/wp-json\/wp\/v2\/media?parent=15773"}],"wp:term":[{"taxonomy":"category","embeddable":true,"href":"https:\/\/www.estudiahosteleria.com\/blog\/wp-json\/wp\/v2\/categories?post=15773"},{"taxonomy":"post_tag","embeddable":true,"href":"https:\/\/www.estudiahosteleria.com\/blog\/wp-json\/wp\/v2\/tags?post=15773"}],"curies":[{"name":"wp","href":"https:\/\/api.w.org\/{rel}","templated":true}]}}