{"id":15874,"date":"2022-09-06T12:18:10","date_gmt":"2022-09-06T10:18:10","guid":{"rendered":"https:\/\/www.estudiahosteleria.com\/blog\/?p=15874"},"modified":"2022-09-06T12:18:11","modified_gmt":"2022-09-06T10:18:11","slug":"la-manzanilla-de-sanlucar-de-barrameda","status":"publish","type":"post","link":"https:\/\/www.estudiahosteleria.com\/blog\/enologia\/la-manzanilla-de-sanlucar-de-barrameda","title":{"rendered":"La manzanilla de Sanl\u00facar de Barrameda"},"content":{"rendered":"\n<p>Hay jereces y jereces, por m\u00e1s que el nombre de Jerez se asocie casi exclusivamente a uno de los muchos tipos de vinos amparados a esta denominaci\u00f3n: fino. Digamos que \u00e9ste, tambi\u00e9n la manzanilla, es la cara \u201cdesenfadada\u201d del vino de Jerez.<\/p>\n\n\n\n<!--more-->\n\n\n\n<p>Si nos atenemos a la clasificaci\u00f3n de los jereces, sabemos que este fino tan peculiar que se produce en<strong> Sanl\u00facar de Barrameda se le denomina manzanilla<\/strong>.<\/p>\n\n\n\n<p>El clima, m\u00e1s templado que en Jerez, colabora para que las levaduras, en el proceso de la crianza, consuman m\u00e1s sustancias o \u201cnutrientes\u201d en el \u00e1rea de Sanl\u00facar y esto provoca que las manzanillas sean m\u00e1s ligeras, m\u00e1s \u201cet\u00e9reas\u201c que los finos jerezanos; todo esto en t\u00e9rminos generales, ya que en \u201ccata a ciegas\u201d, muchas veces, ni los paladares m\u00e1s avezados, pueden llegar a distinguir un fino jerezano o del Puerto de Santa Mar\u00eda de una manzanilla.<\/p>\n\n\n\n<figure class=\"wp-block-gallery has-nested-images columns-default is-cropped wp-block-gallery-2 is-layout-flex\">\n<figure class=\"wp-block-image size-large\"><img decoding=\"async\" loading=\"lazy\" width=\"900\" height=\"530\" data-id=\"15877\"  src=\"https:\/\/www.estudiahosteleria.com\/blog\/wp-content\/uploads\/2022\/09\/Imagen1.jpg\" alt=\"\" class=\"wp-image-15877\" srcset=\"https:\/\/www.estudiahosteleria.com\/blog\/wp-content\/uploads\/2022\/09\/Imagen1.jpg 900w, https:\/\/www.estudiahosteleria.com\/blog\/wp-content\/uploads\/2022\/09\/Imagen1-300x177.jpg 300w, https:\/\/www.estudiahosteleria.com\/blog\/wp-content\/uploads\/2022\/09\/Imagen1-768x452.jpg 768w\" sizes=\"(max-width: 900px) 100vw, 900px\" \/><\/figure>\n\n\n\n<figure class=\"wp-block-image size-large\"><img decoding=\"async\" loading=\"lazy\" width=\"900\" height=\"727\" data-id=\"15878\"  src=\"https:\/\/www.estudiahosteleria.com\/blog\/wp-content\/uploads\/2022\/09\/Imagen2.jpg\" alt=\"\" class=\"wp-image-15878\" srcset=\"https:\/\/www.estudiahosteleria.com\/blog\/wp-content\/uploads\/2022\/09\/Imagen2.jpg 900w, https:\/\/www.estudiahosteleria.com\/blog\/wp-content\/uploads\/2022\/09\/Imagen2-300x242.jpg 300w, https:\/\/www.estudiahosteleria.com\/blog\/wp-content\/uploads\/2022\/09\/Imagen2-768x620.jpg 768w\" sizes=\"(max-width: 900px) 100vw, 900px\" \/><\/figure>\n\n\n\n<figure class=\"wp-block-image size-large\"><img decoding=\"async\" loading=\"lazy\" width=\"924\" height=\"1024\" data-id=\"15879\"  src=\"https:\/\/www.estudiahosteleria.com\/blog\/wp-content\/uploads\/2022\/09\/Imagen3.jpg\" alt=\"\" class=\"wp-image-15879\" srcset=\"https:\/\/www.estudiahosteleria.com\/blog\/wp-content\/uploads\/2022\/09\/Imagen3.jpg 924w, https:\/\/www.estudiahosteleria.com\/blog\/wp-content\/uploads\/2022\/09\/Imagen3-271x300.jpg 271w, https:\/\/www.estudiahosteleria.com\/blog\/wp-content\/uploads\/2022\/09\/Imagen3-768x851.jpg 768w\" sizes=\"(max-width: 924px) 100vw, 924px\" \/><\/figure>\n<\/figure>\n\n\n\n<p>Quiz\u00e1 los finos sean de los vinos m\u00e1s inimitables de nuestros vinos; y que la manzanilla es una categor\u00eda especial, nadie lo duda a estas alturas.<\/p>\n\n\n\n<p>Este milagro oce\u00e1nico, es fruto de esa simbiosis, de esa feliz conjunci\u00f3n, entre <strong>las tierras albarizas del Marco de Jerez<\/strong>, la uva palomino fino,\u00a0el clima tan extremadamente caluroso \u2013 y al tiempo mucho m\u00e1s h\u00famedo de lo que se piensa -, y con mayor pluviometr\u00eda, que por ejemplo\u00a0en Haro, capital de la Rioja Alta.<\/p>\n\n\n\n<p>Un proceso de elaboraci\u00f3n singular, caracterizado&nbsp;por su sistema de crianza y maduraci\u00f3n en&nbsp;\u201ccriaderas\u201d y \u201csoleras\u201d&nbsp;y sobre todo&nbsp;por una crianza biol\u00f3gica \u201cbajo flor\u201d.<\/p>\n\n\n\n<p>Se denomina \u201c<strong>flor o velo<\/strong>\u201d a una capa de levaduras que se van desarrollando en la superficie de la manzanilla en la bota. Estas levaduras, en un primer momento, tienen una tonalidad amarillenta, para ir transform\u00e1ndose a finales de la primavera y en oto\u00f1o en una capa m\u00e1s gruesa de levaduras de color blanquecino y aspecto algodonoso.<\/p>\n\n\n\n<p>Este manto de levaduras en la superficie hace de aislante del aire, consumiendo el ox\u00edgeno del recipiente de crianza, \u201c<strong>la bota\u201d<\/strong>, que es como se llama a las barricas en esta \u00e1rea de producci\u00f3n y crianza del Marco de Jerez.<\/p>\n\n\n\n<p>Todas estas singularidades permiten el \u201cafinamiento\u201d del vino en \u00f3ptimas condiciones. Por lo tanto, lo que diferencia la manzanilla del fino jerezano es que, debido a ese clima m\u00e1s h\u00famedo y templado por la influencia directa del Atl\u00e1ntico, los vinos sanluque\u00f1os prosiguen todo el a\u00f1o su crianza bajo flor, aportando, un tono amarillo muy p\u00e1lido en su aspecto y en su paladar, una ligereza y finura extraordinaria, fuera de lo com\u00fan.&nbsp;<\/p>\n\n\n\n<p>El gusto es delicadamente yodado, casi salino, matizado por esa sutil amargura y ese agradable\u00a0sabor almendrado que conforman esa silueta y perfume que hacen de la manzanilla un vino \u00fanico en el planeta.\u00a0\u00a0<\/p>\n\n\n\n<figure class=\"wp-block-gallery has-nested-images columns-default is-cropped wp-block-gallery-4 is-layout-flex\">\n<figure class=\"wp-block-image size-large\"><img decoding=\"async\" loading=\"lazy\" width=\"768\" height=\"409\" data-id=\"15882\"  src=\"https:\/\/www.estudiahosteleria.com\/blog\/wp-content\/uploads\/2022\/09\/Imagen4.jpg\" alt=\"\" class=\"wp-image-15882\" srcset=\"https:\/\/www.estudiahosteleria.com\/blog\/wp-content\/uploads\/2022\/09\/Imagen4.jpg 768w, https:\/\/www.estudiahosteleria.com\/blog\/wp-content\/uploads\/2022\/09\/Imagen4-300x160.jpg 300w\" sizes=\"(max-width: 768px) 100vw, 768px\" \/><\/figure>\n\n\n\n<figure class=\"wp-block-image size-large\"><img decoding=\"async\" loading=\"lazy\" width=\"965\" height=\"1024\" data-id=\"15883\"  src=\"https:\/\/www.estudiahosteleria.com\/blog\/wp-content\/uploads\/2022\/09\/Imagen5.jpg\" alt=\"\" class=\"wp-image-15883\" srcset=\"https:\/\/www.estudiahosteleria.com\/blog\/wp-content\/uploads\/2022\/09\/Imagen5.jpg 965w, https:\/\/www.estudiahosteleria.com\/blog\/wp-content\/uploads\/2022\/09\/Imagen5-283x300.jpg 283w, https:\/\/www.estudiahosteleria.com\/blog\/wp-content\/uploads\/2022\/09\/Imagen5-768x815.jpg 768w\" sizes=\"(max-width: 965px) 100vw, 965px\" \/><\/figure>\n\n\n\n<figure class=\"wp-block-image size-large\"><img decoding=\"async\" loading=\"lazy\" width=\"420\" height=\"480\" data-id=\"15884\"  src=\"https:\/\/www.estudiahosteleria.com\/blog\/wp-content\/uploads\/2022\/09\/Imagen6.jpg\" alt=\"\" class=\"wp-image-15884\" srcset=\"https:\/\/www.estudiahosteleria.com\/blog\/wp-content\/uploads\/2022\/09\/Imagen6.jpg 420w, https:\/\/www.estudiahosteleria.com\/blog\/wp-content\/uploads\/2022\/09\/Imagen6-263x300.jpg 263w\" sizes=\"(max-width: 420px) 100vw, 420px\" \/><\/figure>\n<\/figure>\n\n\n\n<p><strong>&nbsp;La Gastronom\u00eda de la Manzanilla.<\/strong><\/p>\n\n\n\n<p>Partamos de la base que asociar platos y vinos es un canto a la libertad y no hay que abrazarse a catecismos gastron\u00f3micos prestablecidos.<\/p>\n\n\n\n<p>A veces no hay que buscar m\u00e1s all\u00e1 de la cocina del entorno del vino. De aperitivo, constituyen el cap\u00edtulo m\u00e1s abierto de un men\u00fa.<\/p>\n\n\n\n<p>Acompa\u00f1an a la chaciner\u00eda ib\u00e9rica de lujo de esta zona y de todo el pa\u00eds: jam\u00f3n, ca\u00f1a de lomo, as\u00ed como los langostinos cocidos, las gambas, cocidas o a la plancha, las frituras de pescado, los platos ali\u00f1ados suavemente con vinagre, los frutos secos, los calditos de pescado o verduras y soportan platos de alcachofas y esp\u00e1rragos.<\/p>\n\n\n\n<p>En plan m\u00e1s sofisticado, la manzanilla es una gran aliada de la cocina asi\u00e1tica, eso s\u00ed, servida muy fr\u00eda y mejor con buena compa\u00f1\u00eda como toda obra de arte.<\/p>\n\n\n\n<p><span class=\"Apple-converted-space\"><span class=\"Apple-converted-space\">Si deseas especializarte en el mundo del vino, <a href=\"https:\/\/www.estudiahosteleria.com\/enologia?piloto=w74\" target=\"_blank\" rel=\"noreferrer noopener\">esta es la formaci\u00f3n online en Enolog\u00eda que estabas buscando.<\/a><\/span> <\/span><\/p>\n\n\n\n<div class=\"wp-block-buttons is-horizontal is-content-justification-center is-layout-flex wp-container-6\">\n<div class=\"wp-block-button\"><a class=\"wp-block-button__link has-white-color has-text-color has-background\" href=\"https:\/\/www.estudiahosteleria.com\/enologia?piloto=w77\" style=\"border-radius:9px;background-color:#6d0c14\" target=\"_blank\" rel=\"noreferrer noopener\">\u00a1Inf\u00f3rmate sin compromiso!<\/a><\/div>\n<\/div>\n\n\n\n<hr class=\"wp-block-separator has-css-opacity\"\/>\n\n\n\n<p id=\"block-8196dfea-5659-4ffa-914a-25f9c70249d4\"><br>Si te ha parecido interesante este post y quieres ampliar conocimientos o promocionar en tu profesi\u00f3n&nbsp;te animamos a leer otros post de nuestro blog.<br>Recuerda que en&nbsp;<strong>ESAH<\/strong> ofrecemos una formaci\u00f3n espec\u00edfica en Hosteler\u00eda, Turismo, Enolog\u00eda, Gesti\u00f3n y Direcci\u00f3n, Organizaci\u00f3n de Eventos, Pasteler\u00eda y Cocina, puedes consultar toda nuestra oferta formativa en nuestra web: <a href=\"https:\/\/www.estudiahosteleria.com\/?piloto=w74\" target=\"_blank\" rel=\"noreferrer noopener\">www.estudiahosteleria.com<\/a><\/p>\n\n\n<div class=\"wp-block-image\">\n<figure class=\"aligncenter size-large\"><a href=\"https:\/\/www.estudiahosteleria.com\/enologia?piloto=w74\"><img decoding=\"async\" loading=\"lazy\" width=\"637\" height=\"90\" src=\"https:\/\/www.estudiahosteleria.com\/blog\/wp-content\/uploads\/2021\/06\/637x90_mst_enologia.jpg\" alt=\"\" class=\"wp-image-14172\" srcset=\"https:\/\/www.estudiahosteleria.com\/blog\/wp-content\/uploads\/2021\/06\/637x90_mst_enologia.jpg 637w, https:\/\/www.estudiahosteleria.com\/blog\/wp-content\/uploads\/2021\/06\/637x90_mst_enologia-300x42.jpg 300w\" sizes=\"(max-width: 637px) 100vw, 637px\" \/><\/a><\/figure><\/div>","protected":false},"excerpt":{"rendered":"<p>Hay jereces y jereces, por m\u00e1s que el nombre de Jerez se asocie casi exclusivamente a uno de los muchos tipos de vinos amparados a esta denominaci\u00f3n: fino. Digamos que \u00e9ste, tambi\u00e9n la manzanilla, es la cara \u201cdesenfadada\u201d del vino de Jerez.<\/p>\n","protected":false},"author":15,"featured_media":15889,"comment_status":"open","ping_status":"closed","sticky":false,"template":"","format":"standard","meta":[],"categories":[417],"tags":[],"yoast_head":"<!-- This site is optimized with the Yoast SEO plugin v20.11 - https:\/\/yoast.com\/wordpress\/plugins\/seo\/ -->\n<title>Enolog\u00eda - La manzanilla de Sanl\u00facar de Barrameda<\/title>\n<meta name=\"robots\" content=\"index, follow, max-snippet:-1, max-image-preview:large, max-video-preview:-1\" \/>\n<link rel=\"canonical\" href=\"https:\/\/www.estudiahosteleria.com\/blog\/enologia\/la-manzanilla-de-sanlucar-de-barrameda\" \/>\n<meta property=\"og:locale\" content=\"es_ES\" \/>\n<meta property=\"og:type\" content=\"article\" \/>\n<meta property=\"og:title\" content=\"Enolog\u00eda - La manzanilla de Sanl\u00facar de Barrameda\" \/>\n<meta property=\"og:description\" content=\"Hay jereces y jereces, por m\u00e1s que el nombre de Jerez se asocie casi exclusivamente a uno de los muchos tipos de vinos amparados a esta denominaci\u00f3n: fino. Digamos que \u00e9ste, tambi\u00e9n la manzanilla, es la cara \u201cdesenfadada\u201d del vino de Jerez.\" \/>\n<meta property=\"og:url\" content=\"https:\/\/www.estudiahosteleria.com\/blog\/enologia\/la-manzanilla-de-sanlucar-de-barrameda\" \/>\n<meta property=\"og:site_name\" content=\"Blog de la Escuela ESAH\" \/>\n<meta property=\"article:publisher\" content=\"https:\/\/www.facebook.com\/CampusSEAS\" \/>\n<meta property=\"article:author\" content=\"https:\/\/www.facebook.com\/ESAHEstudiosSuperioresAbiertosdeHosteleria\" \/>\n<meta property=\"article:published_time\" content=\"2022-09-06T10:18:10+00:00\" \/>\n<meta property=\"article:modified_time\" content=\"2022-09-06T10:18:11+00:00\" \/>\n<meta property=\"og:image\" content=\"https:\/\/www.estudiahosteleria.com\/blog\/wp-content\/uploads\/2022\/09\/Sin-titulo-1.jpg\" \/>\n\t<meta property=\"og:image:width\" content=\"637\" \/>\n\t<meta property=\"og:image:height\" content=\"240\" \/>\n\t<meta property=\"og:image:type\" content=\"image\/jpeg\" \/>\n<meta name=\"author\" content=\"Jesus Flores\" \/>\n<meta name=\"twitter:card\" content=\"summary_large_image\" \/>\n<meta name=\"twitter:creator\" content=\"@ESAH_Hosteleria\" \/>\n<meta name=\"twitter:site\" content=\"@Campus_SEAS\" \/>\n<meta name=\"twitter:label1\" content=\"Escrito por\" \/>\n\t<meta name=\"twitter:data1\" content=\"Jesus Flores\" \/>\n\t<meta name=\"twitter:label2\" content=\"Tiempo de lectura\" \/>\n\t<meta name=\"twitter:data2\" content=\"5 minutos\" \/>\n<script type=\"application\/ld+json\" class=\"yoast-schema-graph\">{\"@context\":\"https:\/\/schema.org\",\"@graph\":[{\"@type\":\"Article\",\"@id\":\"https:\/\/www.estudiahosteleria.com\/blog\/enologia\/la-manzanilla-de-sanlucar-de-barrameda#article\",\"isPartOf\":{\"@id\":\"https:\/\/www.estudiahosteleria.com\/blog\/enologia\/la-manzanilla-de-sanlucar-de-barrameda\"},\"author\":{\"name\":\"Jesus Flores\",\"@id\":\"https:\/\/www.estudiahosteleria.com\/blog\/#\/schema\/person\/4d6963439727399cd97a2ba9e02e31bd\"},\"headline\":\"La manzanilla de Sanl\u00facar de Barrameda\",\"datePublished\":\"2022-09-06T10:18:10+00:00\",\"dateModified\":\"2022-09-06T10:18:11+00:00\",\"mainEntityOfPage\":{\"@id\":\"https:\/\/www.estudiahosteleria.com\/blog\/enologia\/la-manzanilla-de-sanlucar-de-barrameda\"},\"wordCount\":753,\"commentCount\":0,\"publisher\":{\"@id\":\"https:\/\/www.estudiahosteleria.com\/blog\/#organization\"},\"articleSection\":[\"Enolog\u00eda\"],\"inLanguage\":\"es\",\"potentialAction\":[{\"@type\":\"CommentAction\",\"name\":\"Comment\",\"target\":[\"https:\/\/www.estudiahosteleria.com\/blog\/enologia\/la-manzanilla-de-sanlucar-de-barrameda#respond\"]}]},{\"@type\":\"WebPage\",\"@id\":\"https:\/\/www.estudiahosteleria.com\/blog\/enologia\/la-manzanilla-de-sanlucar-de-barrameda\",\"url\":\"https:\/\/www.estudiahosteleria.com\/blog\/enologia\/la-manzanilla-de-sanlucar-de-barrameda\",\"name\":\"Enolog\u00eda - La manzanilla de Sanl\u00facar de Barrameda\",\"isPartOf\":{\"@id\":\"https:\/\/www.estudiahosteleria.com\/blog\/#website\"},\"datePublished\":\"2022-09-06T10:18:10+00:00\",\"dateModified\":\"2022-09-06T10:18:11+00:00\",\"inLanguage\":\"es\",\"potentialAction\":[{\"@type\":\"ReadAction\",\"target\":[\"https:\/\/www.estudiahosteleria.com\/blog\/enologia\/la-manzanilla-de-sanlucar-de-barrameda\"]}]},{\"@type\":\"WebSite\",\"@id\":\"https:\/\/www.estudiahosteleria.com\/blog\/#website\",\"url\":\"https:\/\/www.estudiahosteleria.com\/blog\/\",\"name\":\"Blog de la Escuela ESAH\",\"description\":\"Blog de la Escuela ESAH, Estudios Superiores Abiertos de Hosteleria\",\"publisher\":{\"@id\":\"https:\/\/www.estudiahosteleria.com\/blog\/#organization\"},\"potentialAction\":[{\"@type\":\"SearchAction\",\"target\":{\"@type\":\"EntryPoint\",\"urlTemplate\":\"https:\/\/www.estudiahosteleria.com\/blog\/?s={search_term_string}\"},\"query-input\":\"required name=search_term_string\"}],\"inLanguage\":\"es\"},{\"@type\":\"Organization\",\"@id\":\"https:\/\/www.estudiahosteleria.com\/blog\/#organization\",\"name\":\"ESAH, Estudios Superiores Abiertos en Hosteler\u00eda\",\"url\":\"https:\/\/www.estudiahosteleria.com\/blog\/\",\"logo\":{\"@type\":\"ImageObject\",\"inLanguage\":\"es\",\"@id\":\"https:\/\/www.estudiahosteleria.com\/blog\/#\/schema\/logo\/image\/\",\"url\":\"https:\/\/www.estudiahosteleria.com\/blog\/wp-content\/uploads\/2018\/11\/imagen_twitter_blog_esah.jpg\",\"contentUrl\":\"https:\/\/www.estudiahosteleria.com\/blog\/wp-content\/uploads\/2018\/11\/imagen_twitter_blog_esah.jpg\",\"width\":512,\"height\":512,\"caption\":\"ESAH, Estudios Superiores Abiertos en Hosteler\u00eda\"},\"image\":{\"@id\":\"https:\/\/www.estudiahosteleria.com\/blog\/#\/schema\/logo\/image\/\"},\"sameAs\":[\"https:\/\/www.facebook.com\/CampusSEAS\",\"https:\/\/twitter.com\/Campus_SEAS\",\"https:\/\/www.instagram.com\/campus_seas\",\"http:\/\/www.linkedin.com\/company\/seas-estudios-superiores-abiertos\",\"https:\/\/www.youtube.com\/@Campus_SEAS\"]},{\"@type\":\"Person\",\"@id\":\"https:\/\/www.estudiahosteleria.com\/blog\/#\/schema\/person\/4d6963439727399cd97a2ba9e02e31bd\",\"name\":\"Jesus Flores\",\"image\":{\"@type\":\"ImageObject\",\"inLanguage\":\"es\",\"@id\":\"https:\/\/www.estudiahosteleria.com\/blog\/#\/schema\/person\/image\/\",\"url\":\"https:\/\/secure.gravatar.com\/avatar\/7a3c164baf56b5bb3d1ab40b0f95d2e7?s=96&r=g\",\"contentUrl\":\"https:\/\/secure.gravatar.com\/avatar\/7a3c164baf56b5bb3d1ab40b0f95d2e7?s=96&r=g\",\"caption\":\"Jesus Flores\"},\"description\":\"ESAH, Estudios Superiores Abiertos de Hosteler\u00eda es la escuela de restauraci\u00f3n y turismo online de referencia a nivel internacional de La Escuela de Hosteler\u00eda de Sevilla,\u00a0el Grupo Lezama, y SEAS, Estudios Superiores Abiertos (Grupo San Valero). Visita\u00a0EstudiaHosteleria.com\u00a0para consultar nuestra oferta formativa de\u00a0cursos y m\u00e1sters.\u00a0Formaci\u00f3n profesional para el empleo de calidad y accesible para todos.\",\"sameAs\":[\"https:\/\/www.estudiahosteleria.com\",\"https:\/\/www.facebook.com\/ESAHEstudiosSuperioresAbiertosdeHosteleria\",\"https:\/\/twitter.com\/ESAH_Hosteleria\"],\"url\":\"https:\/\/www.estudiahosteleria.com\/blog\/author\/jesus-flores\"}]}<\/script>\n<!-- \/ Yoast SEO plugin. -->","yoast_head_json":{"title":"Enolog\u00eda - La manzanilla de Sanl\u00facar de Barrameda","robots":{"index":"index","follow":"follow","max-snippet":"max-snippet:-1","max-image-preview":"max-image-preview:large","max-video-preview":"max-video-preview:-1"},"canonical":"https:\/\/www.estudiahosteleria.com\/blog\/enologia\/la-manzanilla-de-sanlucar-de-barrameda","og_locale":"es_ES","og_type":"article","og_title":"Enolog\u00eda - La manzanilla de Sanl\u00facar de Barrameda","og_description":"Hay jereces y jereces, por m\u00e1s que el nombre de Jerez se asocie casi exclusivamente a uno de los muchos tipos de vinos amparados a esta denominaci\u00f3n: fino. Digamos que \u00e9ste, tambi\u00e9n la manzanilla, es la cara \u201cdesenfadada\u201d del vino de Jerez.","og_url":"https:\/\/www.estudiahosteleria.com\/blog\/enologia\/la-manzanilla-de-sanlucar-de-barrameda","og_site_name":"Blog de la Escuela ESAH","article_publisher":"https:\/\/www.facebook.com\/CampusSEAS","article_author":"https:\/\/www.facebook.com\/ESAHEstudiosSuperioresAbiertosdeHosteleria","article_published_time":"2022-09-06T10:18:10+00:00","article_modified_time":"2022-09-06T10:18:11+00:00","og_image":[{"width":637,"height":240,"url":"https:\/\/www.estudiahosteleria.com\/blog\/wp-content\/uploads\/2022\/09\/Sin-titulo-1.jpg","type":"image\/jpeg"}],"author":"Jesus Flores","twitter_card":"summary_large_image","twitter_creator":"@ESAH_Hosteleria","twitter_site":"@Campus_SEAS","twitter_misc":{"Escrito por":"Jesus Flores","Tiempo de lectura":"5 minutos"},"schema":{"@context":"https:\/\/schema.org","@graph":[{"@type":"Article","@id":"https:\/\/www.estudiahosteleria.com\/blog\/enologia\/la-manzanilla-de-sanlucar-de-barrameda#article","isPartOf":{"@id":"https:\/\/www.estudiahosteleria.com\/blog\/enologia\/la-manzanilla-de-sanlucar-de-barrameda"},"author":{"name":"Jesus Flores","@id":"https:\/\/www.estudiahosteleria.com\/blog\/#\/schema\/person\/4d6963439727399cd97a2ba9e02e31bd"},"headline":"La manzanilla de Sanl\u00facar de Barrameda","datePublished":"2022-09-06T10:18:10+00:00","dateModified":"2022-09-06T10:18:11+00:00","mainEntityOfPage":{"@id":"https:\/\/www.estudiahosteleria.com\/blog\/enologia\/la-manzanilla-de-sanlucar-de-barrameda"},"wordCount":753,"commentCount":0,"publisher":{"@id":"https:\/\/www.estudiahosteleria.com\/blog\/#organization"},"articleSection":["Enolog\u00eda"],"inLanguage":"es","potentialAction":[{"@type":"CommentAction","name":"Comment","target":["https:\/\/www.estudiahosteleria.com\/blog\/enologia\/la-manzanilla-de-sanlucar-de-barrameda#respond"]}]},{"@type":"WebPage","@id":"https:\/\/www.estudiahosteleria.com\/blog\/enologia\/la-manzanilla-de-sanlucar-de-barrameda","url":"https:\/\/www.estudiahosteleria.com\/blog\/enologia\/la-manzanilla-de-sanlucar-de-barrameda","name":"Enolog\u00eda - La manzanilla de Sanl\u00facar de Barrameda","isPartOf":{"@id":"https:\/\/www.estudiahosteleria.com\/blog\/#website"},"datePublished":"2022-09-06T10:18:10+00:00","dateModified":"2022-09-06T10:18:11+00:00","inLanguage":"es","potentialAction":[{"@type":"ReadAction","target":["https:\/\/www.estudiahosteleria.com\/blog\/enologia\/la-manzanilla-de-sanlucar-de-barrameda"]}]},{"@type":"WebSite","@id":"https:\/\/www.estudiahosteleria.com\/blog\/#website","url":"https:\/\/www.estudiahosteleria.com\/blog\/","name":"Blog de la Escuela ESAH","description":"Blog de la Escuela ESAH, Estudios Superiores Abiertos de Hosteleria","publisher":{"@id":"https:\/\/www.estudiahosteleria.com\/blog\/#organization"},"potentialAction":[{"@type":"SearchAction","target":{"@type":"EntryPoint","urlTemplate":"https:\/\/www.estudiahosteleria.com\/blog\/?s={search_term_string}"},"query-input":"required name=search_term_string"}],"inLanguage":"es"},{"@type":"Organization","@id":"https:\/\/www.estudiahosteleria.com\/blog\/#organization","name":"ESAH, Estudios Superiores Abiertos en Hosteler\u00eda","url":"https:\/\/www.estudiahosteleria.com\/blog\/","logo":{"@type":"ImageObject","inLanguage":"es","@id":"https:\/\/www.estudiahosteleria.com\/blog\/#\/schema\/logo\/image\/","url":"https:\/\/www.estudiahosteleria.com\/blog\/wp-content\/uploads\/2018\/11\/imagen_twitter_blog_esah.jpg","contentUrl":"https:\/\/www.estudiahosteleria.com\/blog\/wp-content\/uploads\/2018\/11\/imagen_twitter_blog_esah.jpg","width":512,"height":512,"caption":"ESAH, Estudios Superiores Abiertos en Hosteler\u00eda"},"image":{"@id":"https:\/\/www.estudiahosteleria.com\/blog\/#\/schema\/logo\/image\/"},"sameAs":["https:\/\/www.facebook.com\/CampusSEAS","https:\/\/twitter.com\/Campus_SEAS","https:\/\/www.instagram.com\/campus_seas","http:\/\/www.linkedin.com\/company\/seas-estudios-superiores-abiertos","https:\/\/www.youtube.com\/@Campus_SEAS"]},{"@type":"Person","@id":"https:\/\/www.estudiahosteleria.com\/blog\/#\/schema\/person\/4d6963439727399cd97a2ba9e02e31bd","name":"Jesus Flores","image":{"@type":"ImageObject","inLanguage":"es","@id":"https:\/\/www.estudiahosteleria.com\/blog\/#\/schema\/person\/image\/","url":"https:\/\/secure.gravatar.com\/avatar\/7a3c164baf56b5bb3d1ab40b0f95d2e7?s=96&r=g","contentUrl":"https:\/\/secure.gravatar.com\/avatar\/7a3c164baf56b5bb3d1ab40b0f95d2e7?s=96&r=g","caption":"Jesus Flores"},"description":"ESAH, Estudios Superiores Abiertos de Hosteler\u00eda es la escuela de restauraci\u00f3n y turismo online de referencia a nivel internacional de La Escuela de Hosteler\u00eda de Sevilla,\u00a0el Grupo Lezama, y SEAS, Estudios Superiores Abiertos (Grupo San Valero). Visita\u00a0EstudiaHosteleria.com\u00a0para consultar nuestra oferta formativa de\u00a0cursos y m\u00e1sters.\u00a0Formaci\u00f3n profesional para el empleo de calidad y accesible para todos.","sameAs":["https:\/\/www.estudiahosteleria.com","https:\/\/www.facebook.com\/ESAHEstudiosSuperioresAbiertosdeHosteleria","https:\/\/twitter.com\/ESAH_Hosteleria"],"url":"https:\/\/www.estudiahosteleria.com\/blog\/author\/jesus-flores"}]}},"_links":{"self":[{"href":"https:\/\/www.estudiahosteleria.com\/blog\/wp-json\/wp\/v2\/posts\/15874"}],"collection":[{"href":"https:\/\/www.estudiahosteleria.com\/blog\/wp-json\/wp\/v2\/posts"}],"about":[{"href":"https:\/\/www.estudiahosteleria.com\/blog\/wp-json\/wp\/v2\/types\/post"}],"author":[{"embeddable":true,"href":"https:\/\/www.estudiahosteleria.com\/blog\/wp-json\/wp\/v2\/users\/15"}],"replies":[{"embeddable":true,"href":"https:\/\/www.estudiahosteleria.com\/blog\/wp-json\/wp\/v2\/comments?post=15874"}],"version-history":[{"count":5,"href":"https:\/\/www.estudiahosteleria.com\/blog\/wp-json\/wp\/v2\/posts\/15874\/revisions"}],"predecessor-version":[{"id":15890,"href":"https:\/\/www.estudiahosteleria.com\/blog\/wp-json\/wp\/v2\/posts\/15874\/revisions\/15890"}],"wp:featuredmedia":[{"embeddable":true,"href":"https:\/\/www.estudiahosteleria.com\/blog\/wp-json\/wp\/v2\/media\/15889"}],"wp:attachment":[{"href":"https:\/\/www.estudiahosteleria.com\/blog\/wp-json\/wp\/v2\/media?parent=15874"}],"wp:term":[{"taxonomy":"category","embeddable":true,"href":"https:\/\/www.estudiahosteleria.com\/blog\/wp-json\/wp\/v2\/categories?post=15874"},{"taxonomy":"post_tag","embeddable":true,"href":"https:\/\/www.estudiahosteleria.com\/blog\/wp-json\/wp\/v2\/tags?post=15874"}],"curies":[{"name":"wp","href":"https:\/\/api.w.org\/{rel}","templated":true}]}}