{"id":162,"date":"2012-07-18T07:56:00","date_gmt":"2012-07-18T07:56:00","guid":{"rendered":"http:\/\/testmydd.wordpress.com\/2012\/07\/18\/un-poquito-de-historia-en-la-vida-del-dulce"},"modified":"2024-08-27T12:55:32","modified_gmt":"2024-08-27T10:55:32","slug":"un-poquito-de-historia-en-la-vida-del-dulce","status":"publish","type":"post","link":"https:\/\/www.estudiahosteleria.com\/blog\/pasteleria-reposteria\/un-poquito-de-historia-en-la-vida-del-dulce","title":{"rendered":"Museo de la Pasteler\u00eda en Daroca"},"content":{"rendered":"<p style=\"text-align: justify;\"><span style=\"background-color: white; color: #333333; font-family: Helvetica, sans-serif; font-size: 10.5pt;\"><span style=\"font-family: Helvetica, sans-serif;\"><span style=\"font-size: 10.5pt;\">En la poblaci\u00f3n zaragozana de <\/span><\/span><b style=\"color: #333333; font-family: Helvetica, sans-serif; font-size: 10.5pt;\">Daroca\u00a0<\/b><span style=\"font-family: Helvetica, sans-serif;\"><span style=\"font-size: 10.5pt;\">podemos encontrar el <\/span><\/span><b style=\"color: #333333; font-family: Helvetica, sans-serif; font-size: 10.5pt;\">MUSEO DE LA\u00a0<\/b><span style=\"font-family: Helvetica, sans-serif;\"><span style=\"font-size: 14px; line-height: 21px;\"><b>PASTELER\u00cdA<\/b><\/span><span style=\"font-size: 10.5pt;\">, creado por los propietarios de la <\/span><\/span><\/span><a href=\"https:\/\/www.pasteleriasmanuelsegura.com\/\"><b><i><span style=\"background-color: white; font-family: Helvetica, sans-serif; font-size: 10.5pt;\">Pasteler\u00eda Manuel Segura<\/span><\/i><\/b><\/a><span style=\"background-color: white; color: #333333; font-family: Helvetica, sans-serif; font-size: 10.5pt;\"> tras la celebraci\u00f3n de su 125 aniversario en el a\u00f1o 2002. <\/span><\/p>\n<div class=\"MsoNormal\" style=\"background: white; line-height: 14.25pt; margin-bottom: 0; text-align: justify;\"><span style=\"background-color: white; color: #333333; font-family: Helvetica, sans-serif; font-size: 10.5pt;\">Dicho museo situado en un peque\u00f1o edificio de tres plantas, es el primero de Arag\u00f3n en su campo y en tercero de Espa\u00f1a, en \u00e9l se exponen los \u00fatiles que se han empleado durante las seis generaciones de la familia.<\/span><\/div>\n<div class=\"MsoNormal\" style=\"background: white; line-height: 14.25pt; margin-bottom: 0; text-align: justify;\"><\/div>\n<div class=\"separator\" style=\"clear: both; text-align: center;\"><a style=\"margin-left: 1em; margin-right: 1em;\" href=\"https:\/\/www.estudiahosteleria.com\/blog\/wp-content\/uploads\/2012\/12\/utensilios2.jpg\" data-rel=\"lightbox-image-0\" data-rl_title=\"\" data-rl_caption=\"\" title=\"\"><img decoding=\"async\" loading=\"lazy\" src=\"https:\/\/www.estudiahosteleria.com\/blog\/wp-content\/uploads\/2012\/12\/utensilios2.jpg?w=300\" alt=\"\" width=\"400\" height=\"266\" border=\"0\" \/><\/a><\/div>\n<div class=\"separator\" style=\"clear: both; text-align: justify;\"><\/div>\n<p><a name=\"more\"><\/a><span style=\"background-color: white; color: #333333; font-family: Helvetica, sans-serif; font-size: 10.5pt; line-height: 14.25pt;\">La primera de las tres plantas esta dedicada en exclusiva al <\/span><b style=\"color: #333333; font-family: Helvetica, sans-serif; font-size: 10.5pt; line-height: 14.25pt;\">chocolate<\/b><span style=\"background-color: white; color: #333333; font-family: Helvetica, sans-serif; font-size: 10.5pt; line-height: 14.25pt;\">, podemos ver como se trabaja ahora y antes el cacao. Acompa\u00f1ando al mismo, encontramos tostadoras de almendras, avellanas, moldes y cajas de bombones, chocolateras y libros de historia del chocolate desde el siglo XIX.<\/span><\/p>\n<div class=\"separator\" style=\"clear: both; text-align: justify;\"><span style=\"background-color: white; color: #333333; font-family: Helvetica, sans-serif; font-size: 14px; line-height: 19px;\">Podemos encontrar los padres de nuestros huevos Kinder.<\/span><\/div>\n<div class=\"separator\" style=\"clear: both;\"><\/div>\n<div class=\"separator\" style=\"clear: both;\"><span style=\"background-color: white; color: #333333; font-family: Helvetica, sans-serif; font-size: 14px; line-height: 19px;\">Siguiendo el olor del chocolate, ya en la segunda planta nos adentramos en el mundo del caramelo y los turrones. Encontraremos el dulce t\u00edpico de la localidad, el ROSCO BA\u00d1ADO DE AZ\u00daCAR GLASS con el que se celebra San Valero y otros patrones de los pueblos de la zona.<\/span><\/div>\n<div class=\"separator\" style=\"clear: both;\"><span style=\"background-color: white; color: #333333; font-family: Helvetica, sans-serif; font-size: 14px; line-height: 19px;\">\u00a0<\/span><\/div>\n<div class=\"separator\" style=\"clear: both;\"><span style=\"background-color: white; color: #333333; font-family: Helvetica, sans-serif; font-size: 14px; line-height: 19px;\">La \u00faltima planta esta dedicada a la pasteler\u00eda y la cerer\u00eda. Podr\u00e9is encontrar m\u00e1quinas para hacer galletas Mar\u00eda, para prensar miel o las llamadas NOQUE (m\u00e1quinas para hacer velas).<\/span><\/div>\n<div class=\"MsoNormal\" style=\"background-color: white; font-size: 10.5pt; line-height: 14.25pt; margin-bottom: .0001pt;\"><\/div>\n<div class=\"separator\" style=\"clear: both; font-size: 10.5pt; text-align: center;\"><a style=\"margin-left: 1em; margin-right: 1em;\" href=\"https:\/\/www.estudiahosteleria.com\/blog\/wp-content\/uploads\/2012\/12\/noque.jpg\" data-rel=\"lightbox-image-1\" data-rl_title=\"\" data-rl_caption=\"\" title=\"\"><img decoding=\"async\" loading=\"lazy\" src=\"https:\/\/www.estudiahosteleria.com\/blog\/wp-content\/uploads\/2012\/12\/noque.jpg?w=200\" alt=\"\" width=\"266\" height=\"400\" border=\"0\" \/><\/a><\/div>\n<div class=\"separator\" style=\"clear: both; text-align: justify;\"><\/div>\n<div class=\"MsoNormal\" style=\"background-color: white; margin-bottom: .0001pt;\"><span style=\"background-color: white; font-size: 14px; line-height: 19px;\"><span style=\"color: #333333; font-family: Helvetica, sans-serif;\">Sin duda la mejor forma de disfrutar de este original museo es visit\u00e1ndolo y degustando sus ricos dulces, moscatelitos, la trenza de la mora, los ruejitos, los chocolates con frutos secos, las tartas, las almoj\u00e1banas o las rosquillas de Daroca, que configuran el grueso de la producci\u00f3n de la casa.<\/span><\/span><\/div>\n<div class=\"separator\" style=\"clear: both; font-size: 10.5pt; text-align: center;\"><a style=\"margin-left: 1em; margin-right: 1em;\" href=\"https:\/\/testmydd.files.wordpress.com\/2012\/07\/composicic3b3nmuseo.jpg?w=282\"><img decoding=\"async\" src=\"https:\/\/testmydd.files.wordpress.com\/2012\/07\/composicic3b3nmuseo.jpg?w=282\" alt=\"\" border=\"0\" \/><\/a><\/div>\n<div class=\"separator\" style=\"clear: both; text-align: justify;\"><\/div>\n<div class=\"MsoNormal\" style=\"background-color: white; margin-bottom: .0001pt;\"><span style=\"background-color: white; font-size: 14px; line-height: 19px;\"><span style=\"color: #333333; font-family: Helvetica, sans-serif;\">SI TE ANIMAS A VISITARLO TE DEJO UN ENLACE DONDE DESCUBRIR DAROCA&#8230;<\/span><\/span><\/div>\n<div class=\"MsoNormal\" style=\"background-color: white; font-size: 10.5pt; line-height: 14.25pt; margin-bottom: .0001pt;\"><span style=\"background-color: white; font-size: 10.5pt;\">\u00a0<\/span><\/div>\n<div class=\"MsoNormal\" style=\"background-color: white; line-height: 14.25pt; margin-bottom: .0001pt;\"><span style=\"background-color: white; font-size: large;\"><span style=\"background-color: white; color: #333333; font-family: Helvetica, sans-serif; line-height: 14.25pt;\"><b>\u00a1No te arrepentir\u00e1s!<\/b><\/span><\/span><\/div>\n<div class=\"MsoNormal\" style=\"background-color: white; font-size: 10.5pt; line-height: 14.25pt; margin-bottom: .0001pt;\"><\/div>\n<div class=\"MsoNormal\" style=\"background-color: white; margin-bottom: .0001pt;\"><span style=\"background-color: white; font-size: 14px; line-height: 19px;\"><span style=\"color: #333333; font-family: Helvetica, sans-serif;\"><a href=\"https:\/\/www.daroca.es\/\">https:\/\/www.daroca.es<\/a><\/span><\/span><\/div>\n<div style=\"color: #333333; font-family: 'Helvetica Neue Light', HelveticaNeue-Light, 'Helvetica Neue', Helvetica, Arial, sans-serif; font-size: 14px; line-height: 19px; margin: 0; outline: none; padding: 0; text-align: right;\"><b><i>Yolanda Blas Ruiseco<\/i><\/b><\/div>\n<div style=\"color: #333333; font-family: 'Helvetica Neue Light', HelveticaNeue-Light, 'Helvetica Neue', Helvetica, Arial, sans-serif; font-size: 14px; line-height: 19px; margin: 0; outline: none; padding: 0; text-align: right;\">Departamento tutorial<\/div>\n","protected":false},"excerpt":{"rendered":"<p>En la poblaci\u00f3n zaragozana de Daroca\u00a0podemos encontrar el MUSEO DE LA\u00a0PASTELER\u00cdA, creado por los propietarios de la Pasteler\u00eda Manuel Segura tras la celebraci\u00f3n de su 125 aniversario en el a\u00f1o 2002. Dicho museo situado en un peque\u00f1o edificio de tres plantas, es el primero de Arag\u00f3n en su campo y en tercero de Espa\u00f1a, en \u00e9l se exponen los \u00fatiles que se han empleado durante las seis generaciones de la familia. La primera de las tres plantas esta dedicada en exclusiva al chocolate, podemos ver como se trabaja ahora y antes el cacao. Acompa\u00f1ando al mismo, encontramos tostadoras de almendras, avellanas, moldes y cajas de bombones, chocolateras y libros de historia del chocolate desde el siglo XIX. Podemos encontrar los padres de nuestros huevos Kinder. Siguiendo el olor del chocolate, ya en la segunda planta nos adentramos en el mundo del caramelo y los turrones. Encontraremos el dulce t\u00edpico de la localidad, el ROSCO BA\u00d1ADO DE AZ\u00daCAR GLASS con el que se celebra San Valero y otros patrones de los pueblos de la zona. \u00a0 La \u00faltima planta esta dedicada a la pasteler\u00eda y la cerer\u00eda. Podr\u00e9is encontrar m\u00e1quinas para hacer galletas Mar\u00eda, para prensar miel o las llamadas NOQUE [&hellip;]<\/p>\n","protected":false},"author":4,"featured_media":0,"comment_status":"open","ping_status":"open","sticky":false,"template":"","format":"standard","meta":[],"categories":[695],"tags":[234,697,691],"yoast_head":"<!-- This site is optimized with the Yoast SEO plugin v20.11 - https:\/\/yoast.com\/wordpress\/plugins\/seo\/ -->\n<title>Pasteler\u00eda y reposter\u00eda - Museo de la Pasteler\u00eda en Daroca<\/title>\n<meta name=\"robots\" content=\"index, follow, max-snippet:-1, max-image-preview:large, max-video-preview:-1\" \/>\n<link rel=\"canonical\" href=\"https:\/\/www.estudiahosteleria.com\/blog\/pasteleria-reposteria\/un-poquito-de-historia-en-la-vida-del-dulce\" \/>\n<meta property=\"og:locale\" content=\"es_ES\" \/>\n<meta property=\"og:type\" content=\"article\" \/>\n<meta property=\"og:title\" content=\"Pasteler\u00eda y reposter\u00eda - Museo de la Pasteler\u00eda en Daroca\" \/>\n<meta property=\"og:description\" content=\"En la poblaci\u00f3n zaragozana de Daroca\u00a0podemos encontrar el MUSEO DE LA\u00a0PASTELER\u00cdA, creado por los propietarios de la Pasteler\u00eda Manuel Segura tras la celebraci\u00f3n de su 125 aniversario en el a\u00f1o 2002. Dicho museo situado en un peque\u00f1o edificio de tres plantas, es el primero de Arag\u00f3n en su campo y en tercero de Espa\u00f1a, en \u00e9l se exponen los \u00fatiles que se han empleado durante las seis generaciones de la familia. La primera de las tres plantas esta dedicada en exclusiva al chocolate, podemos ver como se trabaja ahora y antes el cacao. Acompa\u00f1ando al mismo, encontramos tostadoras de almendras, avellanas, moldes y cajas de bombones, chocolateras y libros de historia del chocolate desde el siglo XIX. Podemos encontrar los padres de nuestros huevos Kinder. Siguiendo el olor del chocolate, ya en la segunda planta nos adentramos en el mundo del caramelo y los turrones. Encontraremos el dulce t\u00edpico de la localidad, el ROSCO BA\u00d1ADO DE AZ\u00daCAR GLASS con el que se celebra San Valero y otros patrones de los pueblos de la zona. \u00a0 La \u00faltima planta esta dedicada a la pasteler\u00eda y la cerer\u00eda. Podr\u00e9is encontrar m\u00e1quinas para hacer galletas Mar\u00eda, para prensar miel o las llamadas NOQUE [&hellip;]\" \/>\n<meta property=\"og:url\" content=\"https:\/\/www.estudiahosteleria.com\/blog\/pasteleria-reposteria\/un-poquito-de-historia-en-la-vida-del-dulce\" \/>\n<meta property=\"og:site_name\" content=\"Blog de la Escuela ESAH\" \/>\n<meta property=\"article:publisher\" content=\"https:\/\/www.facebook.com\/CampusSEAS\" \/>\n<meta property=\"article:author\" content=\"https:\/\/www.facebook.com\/ESAHEstudiosSuperioresAbiertosdeHosteleria\" \/>\n<meta property=\"article:published_time\" content=\"2012-07-18T07:56:00+00:00\" \/>\n<meta property=\"article:modified_time\" content=\"2024-08-27T10:55:32+00:00\" \/>\n<meta property=\"og:image\" content=\"https:\/\/www.estudiahosteleria.com\/blog\/wp-content\/uploads\/2012\/12\/utensilios2.jpg?w=300\" \/>\n<meta name=\"author\" content=\"ESAH, Estudios Superiores Abiertos de Hosteleria\" \/>\n<meta name=\"twitter:card\" content=\"summary_large_image\" \/>\n<meta name=\"twitter:creator\" content=\"@ESAH_Hosteleria\" \/>\n<meta name=\"twitter:site\" content=\"@Campus_SEAS\" \/>\n<meta name=\"twitter:label1\" content=\"Escrito por\" \/>\n\t<meta name=\"twitter:data1\" content=\"ESAH, Estudios Superiores Abiertos de Hosteleria\" \/>\n\t<meta name=\"twitter:label2\" content=\"Tiempo de lectura\" \/>\n\t<meta name=\"twitter:data2\" content=\"2 minutos\" \/>\n<script type=\"application\/ld+json\" class=\"yoast-schema-graph\">{\"@context\":\"https:\/\/schema.org\",\"@graph\":[{\"@type\":\"Article\",\"@id\":\"https:\/\/www.estudiahosteleria.com\/blog\/pasteleria-reposteria\/un-poquito-de-historia-en-la-vida-del-dulce#article\",\"isPartOf\":{\"@id\":\"https:\/\/www.estudiahosteleria.com\/blog\/pasteleria-reposteria\/un-poquito-de-historia-en-la-vida-del-dulce\"},\"author\":{\"name\":\"ESAH, Estudios Superiores Abiertos de Hosteleria\",\"@id\":\"https:\/\/www.estudiahosteleria.com\/blog\/#\/schema\/person\/712feeb21ab3b9d191082f4d83345860\"},\"headline\":\"Museo de la Pasteler\u00eda en Daroca\",\"datePublished\":\"2012-07-18T07:56:00+00:00\",\"dateModified\":\"2024-08-27T10:55:32+00:00\",\"mainEntityOfPage\":{\"@id\":\"https:\/\/www.estudiahosteleria.com\/blog\/pasteleria-reposteria\/un-poquito-de-historia-en-la-vida-del-dulce\"},\"wordCount\":306,\"commentCount\":0,\"publisher\":{\"@id\":\"https:\/\/www.estudiahosteleria.com\/blog\/#organization\"},\"keywords\":[\"chocolate\",\"dulces\",\"reposter\u00eda\"],\"articleSection\":[\"Pasteler\u00eda y reposter\u00eda\"],\"inLanguage\":\"es\",\"potentialAction\":[{\"@type\":\"CommentAction\",\"name\":\"Comment\",\"target\":[\"https:\/\/www.estudiahosteleria.com\/blog\/pasteleria-reposteria\/un-poquito-de-historia-en-la-vida-del-dulce#respond\"]}]},{\"@type\":\"WebPage\",\"@id\":\"https:\/\/www.estudiahosteleria.com\/blog\/pasteleria-reposteria\/un-poquito-de-historia-en-la-vida-del-dulce\",\"url\":\"https:\/\/www.estudiahosteleria.com\/blog\/pasteleria-reposteria\/un-poquito-de-historia-en-la-vida-del-dulce\",\"name\":\"Pasteler\u00eda y reposter\u00eda - Museo de la Pasteler\u00eda en Daroca\",\"isPartOf\":{\"@id\":\"https:\/\/www.estudiahosteleria.com\/blog\/#website\"},\"datePublished\":\"2012-07-18T07:56:00+00:00\",\"dateModified\":\"2024-08-27T10:55:32+00:00\",\"inLanguage\":\"es\",\"potentialAction\":[{\"@type\":\"ReadAction\",\"target\":[\"https:\/\/www.estudiahosteleria.com\/blog\/pasteleria-reposteria\/un-poquito-de-historia-en-la-vida-del-dulce\"]}]},{\"@type\":\"WebSite\",\"@id\":\"https:\/\/www.estudiahosteleria.com\/blog\/#website\",\"url\":\"https:\/\/www.estudiahosteleria.com\/blog\/\",\"name\":\"Blog de la Escuela ESAH\",\"description\":\"Blog de la Escuela ESAH, Estudios Superiores Abiertos de Hosteleria\",\"publisher\":{\"@id\":\"https:\/\/www.estudiahosteleria.com\/blog\/#organization\"},\"potentialAction\":[{\"@type\":\"SearchAction\",\"target\":{\"@type\":\"EntryPoint\",\"urlTemplate\":\"https:\/\/www.estudiahosteleria.com\/blog\/?s={search_term_string}\"},\"query-input\":\"required name=search_term_string\"}],\"inLanguage\":\"es\"},{\"@type\":\"Organization\",\"@id\":\"https:\/\/www.estudiahosteleria.com\/blog\/#organization\",\"name\":\"ESAH, Estudios Superiores Abiertos en Hosteler\u00eda\",\"url\":\"https:\/\/www.estudiahosteleria.com\/blog\/\",\"logo\":{\"@type\":\"ImageObject\",\"inLanguage\":\"es\",\"@id\":\"https:\/\/www.estudiahosteleria.com\/blog\/#\/schema\/logo\/image\/\",\"url\":\"https:\/\/www.estudiahosteleria.com\/blog\/wp-content\/uploads\/2018\/11\/imagen_twitter_blog_esah.jpg\",\"contentUrl\":\"https:\/\/www.estudiahosteleria.com\/blog\/wp-content\/uploads\/2018\/11\/imagen_twitter_blog_esah.jpg\",\"width\":512,\"height\":512,\"caption\":\"ESAH, Estudios Superiores Abiertos en Hosteler\u00eda\"},\"image\":{\"@id\":\"https:\/\/www.estudiahosteleria.com\/blog\/#\/schema\/logo\/image\/\"},\"sameAs\":[\"https:\/\/www.facebook.com\/CampusSEAS\",\"https:\/\/twitter.com\/Campus_SEAS\",\"https:\/\/www.instagram.com\/campus_seas\",\"http:\/\/www.linkedin.com\/company\/seas-estudios-superiores-abiertos\",\"https:\/\/www.youtube.com\/@Campus_SEAS\"]},{\"@type\":\"Person\",\"@id\":\"https:\/\/www.estudiahosteleria.com\/blog\/#\/schema\/person\/712feeb21ab3b9d191082f4d83345860\",\"name\":\"ESAH, Estudios Superiores Abiertos de Hosteleria\",\"image\":{\"@type\":\"ImageObject\",\"inLanguage\":\"es\",\"@id\":\"https:\/\/www.estudiahosteleria.com\/blog\/#\/schema\/person\/image\/\",\"url\":\"https:\/\/secure.gravatar.com\/avatar\/83814facda0759415a9a00ab271a1a26?s=96&r=g\",\"contentUrl\":\"https:\/\/secure.gravatar.com\/avatar\/83814facda0759415a9a00ab271a1a26?s=96&r=g\",\"caption\":\"ESAH, Estudios Superiores Abiertos de Hosteleria\"},\"description\":\"ESAH, Estudios Superiores Abiertos de Hosteler\u00eda es la escuela de restauraci\u00f3n y turismo online de referencia a nivel internacional de La Escuela de Hosteler\u00eda de Sevilla,\u00a0el Grupo Lezama, y SEAS, Estudios Superiores Abiertos (Grupo San Valero). Visita\u00a0EstudiaHosteleria.com\u00a0para consultar nuestra oferta formativa de\u00a0cursos y m\u00e1sters.\u00a0Formaci\u00f3n profesional para el empleo de calidad y accesible para todos.\",\"sameAs\":[\"https:\/\/www.estudiahosteleria.com\",\"https:\/\/www.facebook.com\/ESAHEstudiosSuperioresAbiertosdeHosteleria\",\"https:\/\/twitter.com\/ESAH_Hosteleria\"],\"url\":\"https:\/\/www.estudiahosteleria.com\/blog\/author\/adminseas\"}]}<\/script>\n<!-- \/ Yoast SEO plugin. -->","yoast_head_json":{"title":"Pasteler\u00eda y reposter\u00eda - Museo de la Pasteler\u00eda en Daroca","robots":{"index":"index","follow":"follow","max-snippet":"max-snippet:-1","max-image-preview":"max-image-preview:large","max-video-preview":"max-video-preview:-1"},"canonical":"https:\/\/www.estudiahosteleria.com\/blog\/pasteleria-reposteria\/un-poquito-de-historia-en-la-vida-del-dulce","og_locale":"es_ES","og_type":"article","og_title":"Pasteler\u00eda y reposter\u00eda - Museo de la Pasteler\u00eda en Daroca","og_description":"En la poblaci\u00f3n zaragozana de Daroca\u00a0podemos encontrar el MUSEO DE LA\u00a0PASTELER\u00cdA, creado por los propietarios de la Pasteler\u00eda Manuel Segura tras la celebraci\u00f3n de su 125 aniversario en el a\u00f1o 2002. Dicho museo situado en un peque\u00f1o edificio de tres plantas, es el primero de Arag\u00f3n en su campo y en tercero de Espa\u00f1a, en \u00e9l se exponen los \u00fatiles que se han empleado durante las seis generaciones de la familia. La primera de las tres plantas esta dedicada en exclusiva al chocolate, podemos ver como se trabaja ahora y antes el cacao. Acompa\u00f1ando al mismo, encontramos tostadoras de almendras, avellanas, moldes y cajas de bombones, chocolateras y libros de historia del chocolate desde el siglo XIX. Podemos encontrar los padres de nuestros huevos Kinder. Siguiendo el olor del chocolate, ya en la segunda planta nos adentramos en el mundo del caramelo y los turrones. Encontraremos el dulce t\u00edpico de la localidad, el ROSCO BA\u00d1ADO DE AZ\u00daCAR GLASS con el que se celebra San Valero y otros patrones de los pueblos de la zona. \u00a0 La \u00faltima planta esta dedicada a la pasteler\u00eda y la cerer\u00eda. Podr\u00e9is encontrar m\u00e1quinas para hacer galletas Mar\u00eda, para prensar miel o las llamadas NOQUE [&hellip;]","og_url":"https:\/\/www.estudiahosteleria.com\/blog\/pasteleria-reposteria\/un-poquito-de-historia-en-la-vida-del-dulce","og_site_name":"Blog de la Escuela ESAH","article_publisher":"https:\/\/www.facebook.com\/CampusSEAS","article_author":"https:\/\/www.facebook.com\/ESAHEstudiosSuperioresAbiertosdeHosteleria","article_published_time":"2012-07-18T07:56:00+00:00","article_modified_time":"2024-08-27T10:55:32+00:00","og_image":[{"url":"https:\/\/www.estudiahosteleria.com\/blog\/wp-content\/uploads\/2012\/12\/utensilios2.jpg?w=300"}],"author":"ESAH, Estudios Superiores Abiertos de Hosteleria","twitter_card":"summary_large_image","twitter_creator":"@ESAH_Hosteleria","twitter_site":"@Campus_SEAS","twitter_misc":{"Escrito por":"ESAH, Estudios Superiores Abiertos de Hosteleria","Tiempo de lectura":"2 minutos"},"schema":{"@context":"https:\/\/schema.org","@graph":[{"@type":"Article","@id":"https:\/\/www.estudiahosteleria.com\/blog\/pasteleria-reposteria\/un-poquito-de-historia-en-la-vida-del-dulce#article","isPartOf":{"@id":"https:\/\/www.estudiahosteleria.com\/blog\/pasteleria-reposteria\/un-poquito-de-historia-en-la-vida-del-dulce"},"author":{"name":"ESAH, Estudios Superiores Abiertos de Hosteleria","@id":"https:\/\/www.estudiahosteleria.com\/blog\/#\/schema\/person\/712feeb21ab3b9d191082f4d83345860"},"headline":"Museo de la Pasteler\u00eda en Daroca","datePublished":"2012-07-18T07:56:00+00:00","dateModified":"2024-08-27T10:55:32+00:00","mainEntityOfPage":{"@id":"https:\/\/www.estudiahosteleria.com\/blog\/pasteleria-reposteria\/un-poquito-de-historia-en-la-vida-del-dulce"},"wordCount":306,"commentCount":0,"publisher":{"@id":"https:\/\/www.estudiahosteleria.com\/blog\/#organization"},"keywords":["chocolate","dulces","reposter\u00eda"],"articleSection":["Pasteler\u00eda y reposter\u00eda"],"inLanguage":"es","potentialAction":[{"@type":"CommentAction","name":"Comment","target":["https:\/\/www.estudiahosteleria.com\/blog\/pasteleria-reposteria\/un-poquito-de-historia-en-la-vida-del-dulce#respond"]}]},{"@type":"WebPage","@id":"https:\/\/www.estudiahosteleria.com\/blog\/pasteleria-reposteria\/un-poquito-de-historia-en-la-vida-del-dulce","url":"https:\/\/www.estudiahosteleria.com\/blog\/pasteleria-reposteria\/un-poquito-de-historia-en-la-vida-del-dulce","name":"Pasteler\u00eda y reposter\u00eda - Museo de la Pasteler\u00eda en Daroca","isPartOf":{"@id":"https:\/\/www.estudiahosteleria.com\/blog\/#website"},"datePublished":"2012-07-18T07:56:00+00:00","dateModified":"2024-08-27T10:55:32+00:00","inLanguage":"es","potentialAction":[{"@type":"ReadAction","target":["https:\/\/www.estudiahosteleria.com\/blog\/pasteleria-reposteria\/un-poquito-de-historia-en-la-vida-del-dulce"]}]},{"@type":"WebSite","@id":"https:\/\/www.estudiahosteleria.com\/blog\/#website","url":"https:\/\/www.estudiahosteleria.com\/blog\/","name":"Blog de la Escuela ESAH","description":"Blog de la Escuela ESAH, Estudios Superiores Abiertos de Hosteleria","publisher":{"@id":"https:\/\/www.estudiahosteleria.com\/blog\/#organization"},"potentialAction":[{"@type":"SearchAction","target":{"@type":"EntryPoint","urlTemplate":"https:\/\/www.estudiahosteleria.com\/blog\/?s={search_term_string}"},"query-input":"required name=search_term_string"}],"inLanguage":"es"},{"@type":"Organization","@id":"https:\/\/www.estudiahosteleria.com\/blog\/#organization","name":"ESAH, Estudios Superiores Abiertos en Hosteler\u00eda","url":"https:\/\/www.estudiahosteleria.com\/blog\/","logo":{"@type":"ImageObject","inLanguage":"es","@id":"https:\/\/www.estudiahosteleria.com\/blog\/#\/schema\/logo\/image\/","url":"https:\/\/www.estudiahosteleria.com\/blog\/wp-content\/uploads\/2018\/11\/imagen_twitter_blog_esah.jpg","contentUrl":"https:\/\/www.estudiahosteleria.com\/blog\/wp-content\/uploads\/2018\/11\/imagen_twitter_blog_esah.jpg","width":512,"height":512,"caption":"ESAH, Estudios Superiores Abiertos en Hosteler\u00eda"},"image":{"@id":"https:\/\/www.estudiahosteleria.com\/blog\/#\/schema\/logo\/image\/"},"sameAs":["https:\/\/www.facebook.com\/CampusSEAS","https:\/\/twitter.com\/Campus_SEAS","https:\/\/www.instagram.com\/campus_seas","http:\/\/www.linkedin.com\/company\/seas-estudios-superiores-abiertos","https:\/\/www.youtube.com\/@Campus_SEAS"]},{"@type":"Person","@id":"https:\/\/www.estudiahosteleria.com\/blog\/#\/schema\/person\/712feeb21ab3b9d191082f4d83345860","name":"ESAH, Estudios Superiores Abiertos de Hosteleria","image":{"@type":"ImageObject","inLanguage":"es","@id":"https:\/\/www.estudiahosteleria.com\/blog\/#\/schema\/person\/image\/","url":"https:\/\/secure.gravatar.com\/avatar\/83814facda0759415a9a00ab271a1a26?s=96&r=g","contentUrl":"https:\/\/secure.gravatar.com\/avatar\/83814facda0759415a9a00ab271a1a26?s=96&r=g","caption":"ESAH, Estudios Superiores Abiertos de Hosteleria"},"description":"ESAH, Estudios Superiores Abiertos de Hosteler\u00eda es la escuela de restauraci\u00f3n y turismo online de referencia a nivel internacional de La Escuela de Hosteler\u00eda de Sevilla,\u00a0el Grupo Lezama, y SEAS, Estudios Superiores Abiertos (Grupo San Valero). Visita\u00a0EstudiaHosteleria.com\u00a0para consultar nuestra oferta formativa de\u00a0cursos y m\u00e1sters.\u00a0Formaci\u00f3n profesional para el empleo de calidad y accesible para todos.","sameAs":["https:\/\/www.estudiahosteleria.com","https:\/\/www.facebook.com\/ESAHEstudiosSuperioresAbiertosdeHosteleria","https:\/\/twitter.com\/ESAH_Hosteleria"],"url":"https:\/\/www.estudiahosteleria.com\/blog\/author\/adminseas"}]}},"_links":{"self":[{"href":"https:\/\/www.estudiahosteleria.com\/blog\/wp-json\/wp\/v2\/posts\/162"}],"collection":[{"href":"https:\/\/www.estudiahosteleria.com\/blog\/wp-json\/wp\/v2\/posts"}],"about":[{"href":"https:\/\/www.estudiahosteleria.com\/blog\/wp-json\/wp\/v2\/types\/post"}],"author":[{"embeddable":true,"href":"https:\/\/www.estudiahosteleria.com\/blog\/wp-json\/wp\/v2\/users\/4"}],"replies":[{"embeddable":true,"href":"https:\/\/www.estudiahosteleria.com\/blog\/wp-json\/wp\/v2\/comments?post=162"}],"version-history":[{"count":3,"href":"https:\/\/www.estudiahosteleria.com\/blog\/wp-json\/wp\/v2\/posts\/162\/revisions"}],"predecessor-version":[{"id":18361,"href":"https:\/\/www.estudiahosteleria.com\/blog\/wp-json\/wp\/v2\/posts\/162\/revisions\/18361"}],"wp:attachment":[{"href":"https:\/\/www.estudiahosteleria.com\/blog\/wp-json\/wp\/v2\/media?parent=162"}],"wp:term":[{"taxonomy":"category","embeddable":true,"href":"https:\/\/www.estudiahosteleria.com\/blog\/wp-json\/wp\/v2\/categories?post=162"},{"taxonomy":"post_tag","embeddable":true,"href":"https:\/\/www.estudiahosteleria.com\/blog\/wp-json\/wp\/v2\/tags?post=162"}],"curies":[{"name":"wp","href":"https:\/\/api.w.org\/{rel}","templated":true}]}}