{"id":17270,"date":"2023-10-14T06:00:00","date_gmt":"2023-10-14T04:00:00","guid":{"rendered":"https:\/\/www.estudiahosteleria.com\/blog\/?p=17270"},"modified":"2023-12-05T14:25:28","modified_gmt":"2023-12-05T13:25:28","slug":"san-sebastian-gastronomika-2023","status":"publish","type":"post","link":"https:\/\/www.estudiahosteleria.com\/blog\/gastronomia\/san-sebastian-gastronomika-2023","title":{"rendered":"La San Sebasti\u00e1n Gastron\u00f3mika 2023: un evento para celebrar la historia y el futuro de la cocina"},"content":{"rendered":"\n<p>Los amantes y los profesionales de la gastronom\u00eda, sin duda, no se perdieron&nbsp; la <strong>Gastronomika 2023<\/strong>, un evento que celebr\u00f3 su 25 aniversario.<\/p>\n\n\n\n<p>Se trata de un congreso que re\u00fane <strong>lo mejor de la cocina vasca, espa\u00f1ola y mundial<\/strong>. Se celebr\u00f3 del 9 al 11 de octubre, en el Palacio Kursaalcomo un modo de celebrar la historia y el futuro de la gastronom\u00eda contempor\u00e1nea.<\/p>\n\n\n\n<h2 class=\"wp-block-heading\">Un evento donde se reuni\u00f3 lo mejor de la vanguardia culinaria<\/h2>\n\n\n\n<p>San Sebasti\u00e1n Gastron\u00f3mika es el decano de los grandes congresos gastron\u00f3micos y quiere seguir siendo<strong> juez y parte de la vanguardia culinaria<\/strong>. Por eso, este a\u00f1o la organizaci\u00f3n prepar\u00f3&nbsp; un programa lleno de sorpresas, con ponencias, talleres, degustaciones, exposiciones y premios que reconocen las trayectorias m\u00e1s destacadas del sector. Con ello ha conseguido ser el mejor congreso de sus 25 a\u00f1os de vida, tanto por la calidad del programa como por la afluencia de p\u00fablico.&nbsp;<\/p>\n\n\n\n<p>Entre los invitados especiales, se encontraban algunos de los protagonistas que han marcado las dos \u00faltimas d\u00e9cadas y media de la gastronom\u00eda, como <strong>Ferran Adri\u00e0, Joan Roca, Juan Mari Arzak, Mart\u00edn Berasategui o Andoni Luis Aduriz. <\/strong>Pero tambi\u00e9n hubo espacio para las nuevas generaciones y los nuevos caminos que se abren en la cocina, con nombres como Ren\u00e9 Redzepi, Rasmus Munk, Leonor Espinosa, Yoshihiro Narisawa o Jos\u00e9 Andr\u00e9s.<\/p>\n\n\n\n<p>Adem\u00e1s, las cocinas de <strong>Jap\u00f3n y Estados Unidos<\/strong> tuvieron un protagonismo especial en esta edici\u00f3n, con ponencias que mostraron la diversidad y la riqueza de sus propuestas gastron\u00f3micas. En el viaje in situ que supone el evento tambi\u00e9n tuvieron presencia la cocina argentina, la italiana y la de Dinamarca con <strong>Rasmus Munk<\/strong>. Y por supuesto, no falt\u00f3 el homenaje a la cocina vasca, con una ponencia dedicada a la gamba roja por Quique Dacosta y Joan Roca, y otra sobre los 25 a\u00f1os de \\&#8221;Muina\\&#8221; por Josean Alija.<\/p>\n\n\n\n<h2 class=\"wp-block-heading\">Estuvieron presentes las \u00faltimas novedades del sector<\/h2>\n\n\n\n<p>El San Sebasti\u00e1n Gastron\u00f3mika es un evento en el que los profesionales pueden ponerse al d\u00eda con las \u00faltimas innovaciones del sector, as\u00ed por ejemplo el llamado \u201cchef de mar, <strong>\u00c1ngel Le\u00f3n<\/strong>, nombrado como \u201cH\u00e9roe de la Alimentaci\u00f3n\u201d por la FAO, anunci\u00f3 su \u00faltimo descubrimiento, <strong>la soja marina.<\/strong> Adem\u00e1s de ser un gran recurso proteico que se puede generar por s\u00ed mismo en el mar, el chef afirm\u00f3 \u201cno es que est\u00e9 buena, es que est\u00e1 riqu\u00edsima; en sabor es como un edamame. Sabe exactamente igual que la soja verde, sin matices salados\u201d.<\/p>\n\n\n\n<p>Algunas de las ponencias, como la de<strong> Bego\u00f1a Rodrigo<\/strong>, chef de La Salita,&nbsp; tambi\u00e9n hablaron sobre el cambio del concepto de modelo de negocio en hosteler\u00eda y lo importante que es la<strong> formaci\u00f3n constante <\/strong>para poder llegar a alcanzar la excelencia. Tambi\u00e9n habl\u00f3 sobre un concepto controvertido, pero en su opini\u00f3n importante, como son los precios din\u00e1micos en la hosteler\u00eda.&nbsp;<\/p>\n\n\n\n<p>Por supuesto, se celebraron los concursos que caracterizan a este evento,<strong> Juan Jos\u00e9 Mesa Le\u00f3n<\/strong>, del restaurante Radis (Ja\u00e9n) fue el ganador del Premio Internacional de Cocina, \u00abJa\u00e9n, Para\u00edso Interior\u00bb. Mientras que el vencedor del XIV Campeonato Nacional de Parrilla fue <strong>Mohamed El Hamdy<\/strong>, del restaurante La Tropical en Los Alc\u00e1zares, Murcia<\/p>\n\n\n\n<p>San Sebasti\u00e1n Gastron\u00f3mika 2023 es una oportunidad \u00fanica para disfrutar de la gastronom\u00eda en su m\u00e1xima expresi\u00f3n, aprender de los mejores profesionales y descubrir las \u00faltimas tendencias y novedades del sector.&nbsp;<\/p>\n\n\n\n<p><span class=\"Apple-converted-space\">Si deseas iniciarte, actualizar tu formaci\u00f3n o especializarte en el mundo de la gastronom\u00eda, <a href=\"https:\/\/www.estudiahosteleria.com\/cocina?piloto=hw74\" target=\"_blank\" rel=\"noreferrer noopener\">esta es la formaci\u00f3n online en cocina que estabas buscando.<\/a><\/span><\/p>\n\n\n\n<div class=\"wp-block-buttons is-horizontal is-content-justification-center is-layout-flex wp-container-2\">\n<div class=\"wp-block-button\"><a class=\"wp-block-button__link has-white-color has-text-color has-background wp-element-button\" href=\"https:\/\/www.estudiahosteleria.com\/cocina?piloto=hw77\" style=\"border-radius:9px;background-color:#6d0c14\" target=\"_blank\" rel=\"noreferrer noopener\">\u00a1Inf\u00f3rmate sin compromiso!<\/a><\/div>\n<\/div>\n\n\n\n<p id=\"block-8196dfea-5659-4ffa-914a-25f9c70249d4\">Si te ha parecido interesante este post y quieres ampliar conocimientos o promocionar en tu profesi\u00f3n&nbsp;<a href=\"https:\/\/www.estudiahosteleria.com\/blog\/gastronomia\">te animamos a leer otros post de nuestro blog.<\/a><br>Recuerda que en&nbsp;<strong>ESAH<\/strong> ofrecemos una formaci\u00f3n espec\u00edfica en Hosteler\u00eda, Turismo, Enolog\u00eda, Gesti\u00f3n y Direcci\u00f3n, Organizaci\u00f3n de Eventos, Pasteler\u00eda y Cocina, puedes consultar toda nuestra oferta formativa en nuestra web: <a href=\"https:\/\/www.estudiahosteleria.com\/?piloto=w74\" target=\"_blank\" rel=\"noreferrer noopener\">www.estudiahosteleria.com<\/a><\/p>\n\n\n<div class=\"wp-block-image\">\n<figure class=\"aligncenter size-large is-resized\"><img decoding=\"async\" loading=\"lazy\" src=\"https:\/\/www.estudiahosteleria.com\/blog\/wp-content\/uploads\/2021\/03\/637x90_formacion_cocina_y_gastronomia.jpg\" alt=\"\" class=\"wp-image-13691\" width=\"708\" height=\"100\" srcset=\"https:\/\/www.estudiahosteleria.com\/blog\/wp-content\/uploads\/2021\/03\/637x90_formacion_cocina_y_gastronomia.jpg 637w, https:\/\/www.estudiahosteleria.com\/blog\/wp-content\/uploads\/2021\/03\/637x90_formacion_cocina_y_gastronomia-300x42.jpg 300w\" sizes=\"(max-width: 708px) 100vw, 708px\" \/><\/figure><\/div>","protected":false},"excerpt":{"rendered":"<p>Los amantes y los profesionales de la gastronom\u00eda, sin duda, no se perdieron&nbsp; la Gastronomika 2023, un evento que celebr\u00f3 su 25 aniversario. Se trata de un congreso que re\u00fane lo mejor de la cocina vasca, espa\u00f1ola y mundial. Se celebr\u00f3 del 9 al 11 de octubre, en el Palacio Kursaalcomo un modo de celebrar la historia y el futuro de la gastronom\u00eda contempor\u00e1nea. Un evento donde se reuni\u00f3 lo mejor de la vanguardia culinaria San Sebasti\u00e1n Gastron\u00f3mika es el decano de los grandes congresos gastron\u00f3micos y quiere seguir siendo juez y parte de la vanguardia culinaria. Por eso, este a\u00f1o la organizaci\u00f3n prepar\u00f3&nbsp; un programa lleno de sorpresas, con ponencias, talleres, degustaciones, exposiciones y premios que reconocen las trayectorias m\u00e1s destacadas del sector. Con ello ha conseguido ser el mejor congreso de sus 25 a\u00f1os de vida, tanto por la calidad del programa como por la afluencia de p\u00fablico.&nbsp; Entre los invitados especiales, se encontraban algunos de los protagonistas que han marcado las dos \u00faltimas d\u00e9cadas y media de la gastronom\u00eda, como Ferran Adri\u00e0, Joan Roca, Juan Mari Arzak, Mart\u00edn Berasategui o Andoni Luis Aduriz. Pero tambi\u00e9n hubo espacio para las nuevas generaciones y los nuevos caminos que se [&hellip;]<\/p>\n","protected":false},"author":35,"featured_media":17271,"comment_status":"open","ping_status":"open","sticky":false,"template":"","format":"standard","meta":[],"categories":[553],"tags":[1842,2152,2132,2151],"yoast_head":"<!-- This site is optimized with the Yoast SEO plugin v20.11 - https:\/\/yoast.com\/wordpress\/plugins\/seo\/ -->\n<title>Gastronom\u00eda - La San Sebasti\u00e1n Gastron\u00f3mika 2023: un evento para celebrar la historia y el futuro de la cocina<\/title>\n<meta name=\"description\" content=\"Los amantes y los profesionales de la gastronom\u00eda, sin duda, no se perdieron&nbsp; la Gastronomika 2023, un evento que celebr\u00f3 su 25 aniversario. Se trata\" \/>\n<meta name=\"robots\" content=\"index, follow, max-snippet:-1, max-image-preview:large, max-video-preview:-1\" \/>\n<link rel=\"canonical\" href=\"https:\/\/www.estudiahosteleria.com\/blog\/gastronomia\/san-sebastian-gastronomika-2023\" \/>\n<meta property=\"og:locale\" content=\"es_ES\" \/>\n<meta property=\"og:type\" content=\"article\" \/>\n<meta property=\"og:title\" content=\"Gastronom\u00eda - La San Sebasti\u00e1n Gastron\u00f3mika 2023: un evento para celebrar la historia y el futuro de la cocina\" \/>\n<meta property=\"og:description\" content=\"Los amantes y los profesionales de la gastronom\u00eda, sin duda, no se perdieron&nbsp; la Gastronomika 2023, un evento que celebr\u00f3 su 25 aniversario. Se trata\" \/>\n<meta property=\"og:url\" content=\"https:\/\/www.estudiahosteleria.com\/blog\/gastronomia\/san-sebastian-gastronomika-2023\" \/>\n<meta property=\"og:site_name\" content=\"Blog de la Escuela ESAH\" \/>\n<meta property=\"article:publisher\" content=\"https:\/\/www.facebook.com\/CampusSEAS\" \/>\n<meta property=\"article:published_time\" content=\"2023-10-14T04:00:00+00:00\" \/>\n<meta property=\"article:modified_time\" content=\"2023-12-05T13:25:28+00:00\" \/>\n<meta property=\"og:image\" content=\"https:\/\/www.estudiahosteleria.com\/blog\/wp-content\/uploads\/2023\/10\/San-Sebastian.jpg\" \/>\n\t<meta property=\"og:image:width\" content=\"637\" \/>\n\t<meta property=\"og:image:height\" content=\"240\" \/>\n\t<meta property=\"og:image:type\" content=\"image\/jpeg\" \/>\n<meta name=\"author\" content=\"Ana Reb\u00f3n\" \/>\n<meta name=\"twitter:card\" content=\"summary_large_image\" \/>\n<meta name=\"twitter:creator\" content=\"@Campus_SEAS\" \/>\n<meta name=\"twitter:site\" content=\"@Campus_SEAS\" \/>\n<meta name=\"twitter:label1\" content=\"Escrito por\" \/>\n\t<meta name=\"twitter:data1\" content=\"Ana Reb\u00f3n\" \/>\n\t<meta name=\"twitter:label2\" content=\"Tiempo de lectura\" \/>\n\t<meta name=\"twitter:data2\" content=\"4 minutos\" \/>\n<script type=\"application\/ld+json\" class=\"yoast-schema-graph\">{\"@context\":\"https:\/\/schema.org\",\"@graph\":[{\"@type\":\"Article\",\"@id\":\"https:\/\/www.estudiahosteleria.com\/blog\/gastronomia\/san-sebastian-gastronomika-2023#article\",\"isPartOf\":{\"@id\":\"https:\/\/www.estudiahosteleria.com\/blog\/gastronomia\/san-sebastian-gastronomika-2023\"},\"author\":{\"name\":\"Ana Reb\u00f3n\",\"@id\":\"https:\/\/www.estudiahosteleria.com\/blog\/#\/schema\/person\/f7f9391e11113d0ed818f18383af9ca2\"},\"headline\":\"La San Sebasti\u00e1n Gastron\u00f3mika 2023: un evento para celebrar la historia y el futuro de la cocina\",\"datePublished\":\"2023-10-14T04:00:00+00:00\",\"dateModified\":\"2023-12-05T13:25:28+00:00\",\"mainEntityOfPage\":{\"@id\":\"https:\/\/www.estudiahosteleria.com\/blog\/gastronomia\/san-sebastian-gastronomika-2023\"},\"wordCount\":716,\"commentCount\":0,\"publisher\":{\"@id\":\"https:\/\/www.estudiahosteleria.com\/blog\/#organization\"},\"keywords\":[\"gastronom\u00eda\",\"M\u00e1ster en Formaci\u00f3n permanente en Direcci\u00f3n de Eventos\",\"Protocolo y Turismo de Negocios\",\"San Sebasti\u00e1n Gastron\u00f3mika 2023\"],\"articleSection\":[\"Gastronom\u00eda\"],\"inLanguage\":\"es\",\"potentialAction\":[{\"@type\":\"CommentAction\",\"name\":\"Comment\",\"target\":[\"https:\/\/www.estudiahosteleria.com\/blog\/gastronomia\/san-sebastian-gastronomika-2023#respond\"]}]},{\"@type\":\"WebPage\",\"@id\":\"https:\/\/www.estudiahosteleria.com\/blog\/gastronomia\/san-sebastian-gastronomika-2023\",\"url\":\"https:\/\/www.estudiahosteleria.com\/blog\/gastronomia\/san-sebastian-gastronomika-2023\",\"name\":\"Gastronom\u00eda - La San Sebasti\u00e1n Gastron\u00f3mika 2023: un evento para celebrar la historia y el futuro de la cocina\",\"isPartOf\":{\"@id\":\"https:\/\/www.estudiahosteleria.com\/blog\/#website\"},\"datePublished\":\"2023-10-14T04:00:00+00:00\",\"dateModified\":\"2023-12-05T13:25:28+00:00\",\"description\":\"Los amantes y los profesionales de la gastronom\u00eda, sin duda, no se perdieron&nbsp; la Gastronomika 2023, un evento que celebr\u00f3 su 25 aniversario. Se trata\",\"inLanguage\":\"es\",\"potentialAction\":[{\"@type\":\"ReadAction\",\"target\":[\"https:\/\/www.estudiahosteleria.com\/blog\/gastronomia\/san-sebastian-gastronomika-2023\"]}]},{\"@type\":\"WebSite\",\"@id\":\"https:\/\/www.estudiahosteleria.com\/blog\/#website\",\"url\":\"https:\/\/www.estudiahosteleria.com\/blog\/\",\"name\":\"Blog de la Escuela ESAH\",\"description\":\"Blog de la Escuela ESAH, Estudios Superiores Abiertos de Hosteleria\",\"publisher\":{\"@id\":\"https:\/\/www.estudiahosteleria.com\/blog\/#organization\"},\"potentialAction\":[{\"@type\":\"SearchAction\",\"target\":{\"@type\":\"EntryPoint\",\"urlTemplate\":\"https:\/\/www.estudiahosteleria.com\/blog\/?s={search_term_string}\"},\"query-input\":\"required name=search_term_string\"}],\"inLanguage\":\"es\"},{\"@type\":\"Organization\",\"@id\":\"https:\/\/www.estudiahosteleria.com\/blog\/#organization\",\"name\":\"ESAH, Estudios Superiores Abiertos en Hosteler\u00eda\",\"url\":\"https:\/\/www.estudiahosteleria.com\/blog\/\",\"logo\":{\"@type\":\"ImageObject\",\"inLanguage\":\"es\",\"@id\":\"https:\/\/www.estudiahosteleria.com\/blog\/#\/schema\/logo\/image\/\",\"url\":\"https:\/\/www.estudiahosteleria.com\/blog\/wp-content\/uploads\/2018\/11\/imagen_twitter_blog_esah.jpg\",\"contentUrl\":\"https:\/\/www.estudiahosteleria.com\/blog\/wp-content\/uploads\/2018\/11\/imagen_twitter_blog_esah.jpg\",\"width\":512,\"height\":512,\"caption\":\"ESAH, Estudios Superiores Abiertos en Hosteler\u00eda\"},\"image\":{\"@id\":\"https:\/\/www.estudiahosteleria.com\/blog\/#\/schema\/logo\/image\/\"},\"sameAs\":[\"https:\/\/www.facebook.com\/CampusSEAS\",\"https:\/\/twitter.com\/Campus_SEAS\",\"https:\/\/www.instagram.com\/campus_seas\",\"http:\/\/www.linkedin.com\/company\/seas-estudios-superiores-abiertos\",\"https:\/\/www.youtube.com\/@Campus_SEAS\"]},{\"@type\":\"Person\",\"@id\":\"https:\/\/www.estudiahosteleria.com\/blog\/#\/schema\/person\/f7f9391e11113d0ed818f18383af9ca2\",\"name\":\"Ana Reb\u00f3n\",\"image\":{\"@type\":\"ImageObject\",\"inLanguage\":\"es\",\"@id\":\"https:\/\/www.estudiahosteleria.com\/blog\/#\/schema\/person\/image\/\",\"url\":\"https:\/\/secure.gravatar.com\/avatar\/9594d6208061ad1eddc95db511642fe5?s=96&r=g\",\"contentUrl\":\"https:\/\/secure.gravatar.com\/avatar\/9594d6208061ad1eddc95db511642fe5?s=96&r=g\",\"caption\":\"Ana Reb\u00f3n\"},\"description\":\"ESAH, Estudios Superiores Abiertos de Hosteler\u00eda es la escuela de restauraci\u00f3n y turismo online de referencia a nivel internacional de La Escuela de Hosteler\u00eda de Sevilla,\u00a0el Grupo Lezama, y SEAS, Estudios Superiores Abiertos (Grupo San Valero). Visita\u00a0EstudiaHosteleria.com\u00a0para consultar nuestra oferta formativa de\u00a0cursos y m\u00e1sters.\u00a0Formaci\u00f3n profesional para el empleo de calidad y accesible para todos.\",\"url\":\"https:\/\/www.estudiahosteleria.com\/blog\/author\/ana-rebon\"}]}<\/script>\n<!-- \/ Yoast SEO plugin. -->","yoast_head_json":{"title":"Gastronom\u00eda - La San Sebasti\u00e1n Gastron\u00f3mika 2023: un evento para celebrar la historia y el futuro de la cocina","description":"Los amantes y los profesionales de la gastronom\u00eda, sin duda, no se perdieron&nbsp; la Gastronomika 2023, un evento que celebr\u00f3 su 25 aniversario. Se trata","robots":{"index":"index","follow":"follow","max-snippet":"max-snippet:-1","max-image-preview":"max-image-preview:large","max-video-preview":"max-video-preview:-1"},"canonical":"https:\/\/www.estudiahosteleria.com\/blog\/gastronomia\/san-sebastian-gastronomika-2023","og_locale":"es_ES","og_type":"article","og_title":"Gastronom\u00eda - La San Sebasti\u00e1n Gastron\u00f3mika 2023: un evento para celebrar la historia y el futuro de la cocina","og_description":"Los amantes y los profesionales de la gastronom\u00eda, sin duda, no se perdieron&nbsp; la Gastronomika 2023, un evento que celebr\u00f3 su 25 aniversario. Se trata","og_url":"https:\/\/www.estudiahosteleria.com\/blog\/gastronomia\/san-sebastian-gastronomika-2023","og_site_name":"Blog de la Escuela ESAH","article_publisher":"https:\/\/www.facebook.com\/CampusSEAS","article_published_time":"2023-10-14T04:00:00+00:00","article_modified_time":"2023-12-05T13:25:28+00:00","og_image":[{"width":637,"height":240,"url":"https:\/\/www.estudiahosteleria.com\/blog\/wp-content\/uploads\/2023\/10\/San-Sebastian.jpg","type":"image\/jpeg"}],"author":"Ana Reb\u00f3n","twitter_card":"summary_large_image","twitter_creator":"@Campus_SEAS","twitter_site":"@Campus_SEAS","twitter_misc":{"Escrito por":"Ana Reb\u00f3n","Tiempo de lectura":"4 minutos"},"schema":{"@context":"https:\/\/schema.org","@graph":[{"@type":"Article","@id":"https:\/\/www.estudiahosteleria.com\/blog\/gastronomia\/san-sebastian-gastronomika-2023#article","isPartOf":{"@id":"https:\/\/www.estudiahosteleria.com\/blog\/gastronomia\/san-sebastian-gastronomika-2023"},"author":{"name":"Ana Reb\u00f3n","@id":"https:\/\/www.estudiahosteleria.com\/blog\/#\/schema\/person\/f7f9391e11113d0ed818f18383af9ca2"},"headline":"La San Sebasti\u00e1n Gastron\u00f3mika 2023: un evento para celebrar la historia y el futuro de la cocina","datePublished":"2023-10-14T04:00:00+00:00","dateModified":"2023-12-05T13:25:28+00:00","mainEntityOfPage":{"@id":"https:\/\/www.estudiahosteleria.com\/blog\/gastronomia\/san-sebastian-gastronomika-2023"},"wordCount":716,"commentCount":0,"publisher":{"@id":"https:\/\/www.estudiahosteleria.com\/blog\/#organization"},"keywords":["gastronom\u00eda","M\u00e1ster en Formaci\u00f3n permanente en Direcci\u00f3n de Eventos","Protocolo y Turismo de Negocios","San Sebasti\u00e1n Gastron\u00f3mika 2023"],"articleSection":["Gastronom\u00eda"],"inLanguage":"es","potentialAction":[{"@type":"CommentAction","name":"Comment","target":["https:\/\/www.estudiahosteleria.com\/blog\/gastronomia\/san-sebastian-gastronomika-2023#respond"]}]},{"@type":"WebPage","@id":"https:\/\/www.estudiahosteleria.com\/blog\/gastronomia\/san-sebastian-gastronomika-2023","url":"https:\/\/www.estudiahosteleria.com\/blog\/gastronomia\/san-sebastian-gastronomika-2023","name":"Gastronom\u00eda - La San Sebasti\u00e1n Gastron\u00f3mika 2023: un evento para celebrar la historia y el futuro de la cocina","isPartOf":{"@id":"https:\/\/www.estudiahosteleria.com\/blog\/#website"},"datePublished":"2023-10-14T04:00:00+00:00","dateModified":"2023-12-05T13:25:28+00:00","description":"Los amantes y los profesionales de la gastronom\u00eda, sin duda, no se perdieron&nbsp; la Gastronomika 2023, un evento que celebr\u00f3 su 25 aniversario. Se trata","inLanguage":"es","potentialAction":[{"@type":"ReadAction","target":["https:\/\/www.estudiahosteleria.com\/blog\/gastronomia\/san-sebastian-gastronomika-2023"]}]},{"@type":"WebSite","@id":"https:\/\/www.estudiahosteleria.com\/blog\/#website","url":"https:\/\/www.estudiahosteleria.com\/blog\/","name":"Blog de la Escuela ESAH","description":"Blog de la Escuela ESAH, Estudios Superiores Abiertos de Hosteleria","publisher":{"@id":"https:\/\/www.estudiahosteleria.com\/blog\/#organization"},"potentialAction":[{"@type":"SearchAction","target":{"@type":"EntryPoint","urlTemplate":"https:\/\/www.estudiahosteleria.com\/blog\/?s={search_term_string}"},"query-input":"required name=search_term_string"}],"inLanguage":"es"},{"@type":"Organization","@id":"https:\/\/www.estudiahosteleria.com\/blog\/#organization","name":"ESAH, Estudios Superiores Abiertos en Hosteler\u00eda","url":"https:\/\/www.estudiahosteleria.com\/blog\/","logo":{"@type":"ImageObject","inLanguage":"es","@id":"https:\/\/www.estudiahosteleria.com\/blog\/#\/schema\/logo\/image\/","url":"https:\/\/www.estudiahosteleria.com\/blog\/wp-content\/uploads\/2018\/11\/imagen_twitter_blog_esah.jpg","contentUrl":"https:\/\/www.estudiahosteleria.com\/blog\/wp-content\/uploads\/2018\/11\/imagen_twitter_blog_esah.jpg","width":512,"height":512,"caption":"ESAH, Estudios Superiores Abiertos en Hosteler\u00eda"},"image":{"@id":"https:\/\/www.estudiahosteleria.com\/blog\/#\/schema\/logo\/image\/"},"sameAs":["https:\/\/www.facebook.com\/CampusSEAS","https:\/\/twitter.com\/Campus_SEAS","https:\/\/www.instagram.com\/campus_seas","http:\/\/www.linkedin.com\/company\/seas-estudios-superiores-abiertos","https:\/\/www.youtube.com\/@Campus_SEAS"]},{"@type":"Person","@id":"https:\/\/www.estudiahosteleria.com\/blog\/#\/schema\/person\/f7f9391e11113d0ed818f18383af9ca2","name":"Ana Reb\u00f3n","image":{"@type":"ImageObject","inLanguage":"es","@id":"https:\/\/www.estudiahosteleria.com\/blog\/#\/schema\/person\/image\/","url":"https:\/\/secure.gravatar.com\/avatar\/9594d6208061ad1eddc95db511642fe5?s=96&r=g","contentUrl":"https:\/\/secure.gravatar.com\/avatar\/9594d6208061ad1eddc95db511642fe5?s=96&r=g","caption":"Ana Reb\u00f3n"},"description":"ESAH, Estudios Superiores Abiertos de Hosteler\u00eda es la escuela de restauraci\u00f3n y turismo online de referencia a nivel internacional de La Escuela de Hosteler\u00eda de Sevilla,\u00a0el Grupo Lezama, y SEAS, Estudios Superiores Abiertos (Grupo San Valero). Visita\u00a0EstudiaHosteleria.com\u00a0para consultar nuestra oferta formativa de\u00a0cursos y m\u00e1sters.\u00a0Formaci\u00f3n profesional para el empleo de calidad y accesible para todos.","url":"https:\/\/www.estudiahosteleria.com\/blog\/author\/ana-rebon"}]}},"_links":{"self":[{"href":"https:\/\/www.estudiahosteleria.com\/blog\/wp-json\/wp\/v2\/posts\/17270"}],"collection":[{"href":"https:\/\/www.estudiahosteleria.com\/blog\/wp-json\/wp\/v2\/posts"}],"about":[{"href":"https:\/\/www.estudiahosteleria.com\/blog\/wp-json\/wp\/v2\/types\/post"}],"author":[{"embeddable":true,"href":"https:\/\/www.estudiahosteleria.com\/blog\/wp-json\/wp\/v2\/users\/35"}],"replies":[{"embeddable":true,"href":"https:\/\/www.estudiahosteleria.com\/blog\/wp-json\/wp\/v2\/comments?post=17270"}],"version-history":[{"count":2,"href":"https:\/\/www.estudiahosteleria.com\/blog\/wp-json\/wp\/v2\/posts\/17270\/revisions"}],"predecessor-version":[{"id":17391,"href":"https:\/\/www.estudiahosteleria.com\/blog\/wp-json\/wp\/v2\/posts\/17270\/revisions\/17391"}],"wp:featuredmedia":[{"embeddable":true,"href":"https:\/\/www.estudiahosteleria.com\/blog\/wp-json\/wp\/v2\/media\/17271"}],"wp:attachment":[{"href":"https:\/\/www.estudiahosteleria.com\/blog\/wp-json\/wp\/v2\/media?parent=17270"}],"wp:term":[{"taxonomy":"category","embeddable":true,"href":"https:\/\/www.estudiahosteleria.com\/blog\/wp-json\/wp\/v2\/categories?post=17270"},{"taxonomy":"post_tag","embeddable":true,"href":"https:\/\/www.estudiahosteleria.com\/blog\/wp-json\/wp\/v2\/tags?post=17270"}],"curies":[{"name":"wp","href":"https:\/\/api.w.org\/{rel}","templated":true}]}}