{"id":17967,"date":"2024-08-05T19:23:00","date_gmt":"2024-08-05T17:23:00","guid":{"rendered":"https:\/\/www.estudiahosteleria.com\/blog\/?p=17967"},"modified":"2024-06-05T11:41:38","modified_gmt":"2024-06-05T09:41:38","slug":"fiesta-san-juan","status":"publish","type":"post","link":"https:\/\/www.estudiahosteleria.com\/blog\/gastronomia\/fiesta-san-juan","title":{"rendered":"Fiesta de San Juan: fogatas, m\u00fasica y recetas tradicionales"},"content":{"rendered":"\n<p>El 23 de junio se celebra la<strong> noche de San Juan<\/strong>, la m\u00e1s m\u00e1gica del a\u00f1o si atendemos a la tradici\u00f3n. Coincide con el solsticio de verano en el hemisferio norte. Es decir, con la noche m\u00e1s corta y el d\u00eda m\u00e1s largo. Se trata de una fecha festiva que proviene de las <strong>celebraciones de \u00e9pocas muy antiguas<\/strong>, que el cristianismo supo fusionar utilizando la figura de San Juan Bautista. Algo que tiene sentido con los rituales de purificaci\u00f3n que se celebran.&nbsp;<\/p>\n\n\n\n<p>Queremos contarte algunas <strong>curiosidades<\/strong> sobre las tradiciones m\u00e1s arraigadas de esta festividad y sobre c\u00f3mo preparar algunas recetas t\u00edpicas para disfrutar en familia o con amigos. Porque no hay fiesta que se precie sin buena comida de por medio.<\/p>\n\n\n\n<h2 class=\"wp-block-heading\">Fuego purificador: las fogatas de San Juan<\/h2>\n\n\n\n<p>Uno de los elementos centrales de la noche de San Juan son <strong>las fogatas<\/strong>. Estas llamas purificadoras simbolizan la quema de lo viejo y la bienvenida a lo nuevo, llenando la noche de un ambiente m\u00e1gico y especial.<\/p>\n\n\n\n<p>Alrededor de estos fuegos, las familias y amigos se re\u00fanen para compartir risas, m\u00fasica y, por supuesto, una deliciosa cena. Es un momento perfecto para desconectar de la rutina y conectar con los seres queridos.<\/p>\n\n\n\n<p>En algunas zonas de Espa\u00f1a, se cree que saltar sobre la hoguera<strong> trae buena suerte y aleja los malos esp\u00edritus<\/strong>. Las cenizas de la hoguera de San Juan tambi\u00e9n se consideran un amuleto de protecci\u00f3n.<\/p>\n\n\n\n<p>Deliciosos sabores para una noche m\u00e1gica<\/p>\n\n\n\n<p>La noche de San Juan no solo se disfruta con m\u00fasica y fuego, sino tambi\u00e9n con deliciosos <strong>platos t\u00edpicos. <\/strong>En cada regi\u00f3n de Espa\u00f1a, encontramos recetas tradicionales diferentes, pero todas ellas comparten un mismo esp\u00edritu: celebrar la llegada del verano y la alegr\u00eda de estar juntos.<\/p>\n\n\n\n<h2 class=\"wp-block-heading\">Algunas recetas t\u00edpicas de San Juan:<\/h2>\n\n\n\n<ul>\n<li><strong>Coca de San Juan:<\/strong> Un dulce esponjoso con frutas confitadas y una yema en el centro.<\/li>\n\n\n\n<li>Sardinas a la brasa: Un cl\u00e1sico de la noche de San Juan, que se cocina sobre las brasas de las fogatas.<\/li>\n\n\n\n<li><strong>Queimada<\/strong>: Esta noche en Galicia suelen preparar la queimada. Una bebida que se elabora con aguardiente de orujo, az\u00facar, c\u00e1scaras de lim\u00f3n o naranja y granos de caf\u00e9. Adem\u00e1s, se hace recetando un conjuro mientras se le prende fuego. Se cree que as\u00ed se le confieren propiedades purificadoras y curativas.<\/li>\n\n\n\n<li>Gazpacho: Una sopa fr\u00eda andaluza a base de tomate, pimiento, pepino y ajo.<\/li>\n\n\n\n<li>Bu\u00f1uelos de viento: Peque\u00f1as bolas de masa frita espolvoreadas con az\u00facar.<\/li>\n\n\n\n<li>Horchata: Una bebida refrescante a base de chufa, agua y az\u00facar.<\/li>\n<\/ul>\n\n\n\n<h2 class=\"wp-block-heading\">M\u00fasica, baile y alegr\u00eda para celebrar la vida<\/h2>\n\n\n\n<p>La noche de San Juan es una noche para <strong>celebrar la vida<\/strong>, la alegr\u00eda y la llegada del verano. Por eso, la <strong>m\u00fasica y el baile <\/strong>son elementos imprescindibles en esta festividad.<\/p>\n\n\n\n<p>En las calles y plazas de los pueblos y ciudades, se organizan verbenas populares con m\u00fasica tradicional, donde se puede bailar hasta altas horas de la madrugada. Tambi\u00e9n es com\u00fan encontrar grupos de amigos tocando m\u00fasica en las playas o en las plazas.<\/p>\n\n\n\n<p>En algunas zonas de Espa\u00f1a, se celebra un ritual especial en el que se pide un deseo mientras se lanzan a siete olas del mar.<\/p>\n\n\n\n<p>En ESAH, te invitamos a celebrar la noche de San Juan con alegr\u00eda, tradici\u00f3n y buen sabor. Y tambi\u00e9n a formarte con nosotros. En nuestro <a href=\"https:\/\/www.estudiahosteleria.com\/cocina\/master-gastronomia?piloto=W74\">M\u00e1ster de Gastronom\u00eda<\/a> aprender\u00e1s la historia y cultura de nuestra gastronom\u00eda, para que tengas una base s\u00f3lida de conocimientos como punto de partida.<\/p>\n\n\n<div class=\"wp-block-button\" style=\"text-align: center; color: white;\"><a class=\"wp-block-button__link has-background wp-element-button\" style=\"color: white; background-color: #6d0c14;\" href=\"https:\/\/www.estudiahosteleria.com\/cocina?piloto=hw75\" target=\"_blank\" rel=\"noreferrer noopener\">\u00a1Inf\u00f3rmate sin compromiso!<\/a><\/div>\n<hr \/>\n<p id=\"block-8196dfea-5659-4ffa-914a-25f9c70249d4\">Si te ha parecido interesante este post y quieres ampliar conocimientos o promocionar en tu profesi\u00f3n\u00a0<a href=\"https:\/\/www.estudiahosteleria.com\/blog\/gastronomia\">te animamos a leer otros post de nuestro blog.<\/a><\/p>\n<p id=\"block-8196dfea-5659-4ffa-914a-25f9c70249d4\" class=\"has-text-align-center\">Recuerda que en\u00a0<strong>ESAH<\/strong> ofrecemos una formaci\u00f3n espec\u00edfica en Hosteler\u00eda, Turismo, Enolog\u00eda, Gesti\u00f3n y Direcci\u00f3n, Organizaci\u00f3n de Eventos, Pasteler\u00eda y Cocina, puedes consultar toda nuestra oferta formativa en nuestra web: <a href=\"https:\/\/www.estudiahosteleria.com\/?piloto=w74\" target=\"_blank\" rel=\"noreferrer noopener\"><strong>www.estudiahosteleria.com<\/strong><\/a><\/p>\n<figure class=\"wp-block-image size-full\"><a href=\"https:\/\/www.estudiahosteleria.com\/cocina?piloto=hw75\" target=\"_blank\" rel=\"noreferrer noopener\"><img decoding=\"async\" loading=\"lazy\" width=\"1000\" height=\"200\" class=\"wp-image-17497\" src=\"https:\/\/www.estudiahosteleria.com\/blog\/wp-content\/uploads\/2024\/01\/5-1.png\" alt=\"\" srcset=\"https:\/\/www.estudiahosteleria.com\/blog\/wp-content\/uploads\/2024\/01\/5-1.png 1000w, https:\/\/www.estudiahosteleria.com\/blog\/wp-content\/uploads\/2024\/01\/5-1-300x60.png 300w, https:\/\/www.estudiahosteleria.com\/blog\/wp-content\/uploads\/2024\/01\/5-1-768x154.png 768w\" sizes=\"(max-width: 1000px) 100vw, 1000px\" \/><\/a><\/figure>","protected":false},"excerpt":{"rendered":"<p>El 23 de junio se celebra la noche de San Juan, la m\u00e1s m\u00e1gica del a\u00f1o si atendemos a la tradici\u00f3n. Coincide con el solsticio de verano en el hemisferio norte. Es decir, con la noche m\u00e1s corta y el d\u00eda m\u00e1s largo. Se trata de una fecha festiva que proviene de las celebraciones de \u00e9pocas muy antiguas, que el cristianismo supo fusionar utilizando la figura de San Juan Bautista. Algo que tiene sentido con los rituales de purificaci\u00f3n que se celebran.&nbsp; Queremos contarte algunas curiosidades sobre las tradiciones m\u00e1s arraigadas de esta festividad y sobre c\u00f3mo preparar algunas recetas t\u00edpicas para disfrutar en familia o con amigos. Porque no hay fiesta que se precie sin buena comida de por medio. Fuego purificador: las fogatas de San Juan Uno de los elementos centrales de la noche de San Juan son las fogatas. Estas llamas purificadoras simbolizan la quema de lo viejo y la bienvenida a lo nuevo, llenando la noche de un ambiente m\u00e1gico y especial. Alrededor de estos fuegos, las familias y amigos se re\u00fanen para compartir risas, m\u00fasica y, por supuesto, una deliciosa cena. Es un momento perfecto para desconectar de la rutina y conectar con los seres [&hellip;]<\/p>\n","protected":false},"author":35,"featured_media":17968,"comment_status":"open","ping_status":"closed","sticky":false,"template":"","format":"standard","meta":[],"categories":[553],"tags":[1823,2206,2205],"yoast_head":"<!-- This site is optimized with the Yoast SEO plugin v20.11 - https:\/\/yoast.com\/wordpress\/plugins\/seo\/ -->\n<title>Gastronom\u00eda - Fiesta de San Juan: fogatas, m\u00fasica y recetas tradicionales<\/title>\n<meta name=\"description\" content=\"El 23 de junio se celebra la noche de San Juan, la m\u00e1s m\u00e1gica del a\u00f1o si atendemos a la tradici\u00f3n. Coincide con el solsticio de verano en el hemisferio\" \/>\n<meta name=\"robots\" content=\"index, follow, max-snippet:-1, max-image-preview:large, max-video-preview:-1\" \/>\n<link rel=\"canonical\" href=\"https:\/\/www.estudiahosteleria.com\/blog\/gastronomia\/fiesta-san-juan\" \/>\n<meta property=\"og:locale\" content=\"es_ES\" \/>\n<meta property=\"og:type\" content=\"article\" \/>\n<meta property=\"og:title\" content=\"Gastronom\u00eda - Fiesta de San Juan: fogatas, m\u00fasica y recetas tradicionales\" \/>\n<meta property=\"og:description\" content=\"El 23 de junio se celebra la noche de San Juan, la m\u00e1s m\u00e1gica del a\u00f1o si atendemos a la tradici\u00f3n. Coincide con el solsticio de verano en el hemisferio\" \/>\n<meta property=\"og:url\" content=\"https:\/\/www.estudiahosteleria.com\/blog\/gastronomia\/fiesta-san-juan\" \/>\n<meta property=\"og:site_name\" content=\"Blog de la Escuela ESAH\" \/>\n<meta property=\"article:publisher\" content=\"https:\/\/www.facebook.com\/CampusSEAS\" \/>\n<meta property=\"article:published_time\" content=\"2024-08-05T17:23:00+00:00\" \/>\n<meta property=\"article:modified_time\" content=\"2024-06-05T09:41:38+00:00\" \/>\n<meta property=\"og:image\" content=\"https:\/\/www.estudiahosteleria.com\/blog\/wp-content\/uploads\/2024\/05\/fogata-San-Juan.jpg\" \/>\n\t<meta property=\"og:image:width\" content=\"637\" \/>\n\t<meta property=\"og:image:height\" content=\"240\" \/>\n\t<meta property=\"og:image:type\" content=\"image\/jpeg\" \/>\n<meta name=\"author\" content=\"Ana Reb\u00f3n\" \/>\n<meta name=\"twitter:card\" content=\"summary_large_image\" \/>\n<meta name=\"twitter:creator\" content=\"@Campus_SEAS\" \/>\n<meta name=\"twitter:site\" content=\"@Campus_SEAS\" \/>\n<meta name=\"twitter:label1\" content=\"Escrito por\" \/>\n\t<meta name=\"twitter:data1\" content=\"Ana Reb\u00f3n\" \/>\n\t<meta name=\"twitter:label2\" content=\"Tiempo de lectura\" \/>\n\t<meta name=\"twitter:data2\" content=\"4 minutos\" \/>\n<script type=\"application\/ld+json\" class=\"yoast-schema-graph\">{\"@context\":\"https:\/\/schema.org\",\"@graph\":[{\"@type\":\"Article\",\"@id\":\"https:\/\/www.estudiahosteleria.com\/blog\/gastronomia\/fiesta-san-juan#article\",\"isPartOf\":{\"@id\":\"https:\/\/www.estudiahosteleria.com\/blog\/gastronomia\/fiesta-san-juan\"},\"author\":{\"name\":\"Ana Reb\u00f3n\",\"@id\":\"https:\/\/www.estudiahosteleria.com\/blog\/#\/schema\/person\/f7f9391e11113d0ed818f18383af9ca2\"},\"headline\":\"Fiesta de San Juan: fogatas, m\u00fasica y recetas tradicionales\",\"datePublished\":\"2024-08-05T17:23:00+00:00\",\"dateModified\":\"2024-06-05T09:41:38+00:00\",\"mainEntityOfPage\":{\"@id\":\"https:\/\/www.estudiahosteleria.com\/blog\/gastronomia\/fiesta-san-juan\"},\"wordCount\":707,\"commentCount\":1,\"publisher\":{\"@id\":\"https:\/\/www.estudiahosteleria.com\/blog\/#organization\"},\"keywords\":[\"master en gastronomia\",\"recetas San Juan\",\"San Juan\"],\"articleSection\":[\"Gastronom\u00eda\"],\"inLanguage\":\"es\",\"potentialAction\":[{\"@type\":\"CommentAction\",\"name\":\"Comment\",\"target\":[\"https:\/\/www.estudiahosteleria.com\/blog\/gastronomia\/fiesta-san-juan#respond\"]}]},{\"@type\":\"WebPage\",\"@id\":\"https:\/\/www.estudiahosteleria.com\/blog\/gastronomia\/fiesta-san-juan\",\"url\":\"https:\/\/www.estudiahosteleria.com\/blog\/gastronomia\/fiesta-san-juan\",\"name\":\"Gastronom\u00eda - Fiesta de San Juan: fogatas, m\u00fasica y recetas tradicionales\",\"isPartOf\":{\"@id\":\"https:\/\/www.estudiahosteleria.com\/blog\/#website\"},\"datePublished\":\"2024-08-05T17:23:00+00:00\",\"dateModified\":\"2024-06-05T09:41:38+00:00\",\"description\":\"El 23 de junio se celebra la noche de San Juan, la m\u00e1s m\u00e1gica del a\u00f1o si atendemos a la tradici\u00f3n. Coincide con el solsticio de verano en el hemisferio\",\"inLanguage\":\"es\",\"potentialAction\":[{\"@type\":\"ReadAction\",\"target\":[\"https:\/\/www.estudiahosteleria.com\/blog\/gastronomia\/fiesta-san-juan\"]}]},{\"@type\":\"WebSite\",\"@id\":\"https:\/\/www.estudiahosteleria.com\/blog\/#website\",\"url\":\"https:\/\/www.estudiahosteleria.com\/blog\/\",\"name\":\"Blog de la Escuela ESAH\",\"description\":\"Blog de la Escuela ESAH, Estudios Superiores Abiertos de Hosteleria\",\"publisher\":{\"@id\":\"https:\/\/www.estudiahosteleria.com\/blog\/#organization\"},\"potentialAction\":[{\"@type\":\"SearchAction\",\"target\":{\"@type\":\"EntryPoint\",\"urlTemplate\":\"https:\/\/www.estudiahosteleria.com\/blog\/?s={search_term_string}\"},\"query-input\":\"required name=search_term_string\"}],\"inLanguage\":\"es\"},{\"@type\":\"Organization\",\"@id\":\"https:\/\/www.estudiahosteleria.com\/blog\/#organization\",\"name\":\"ESAH, Estudios Superiores Abiertos en Hosteler\u00eda\",\"url\":\"https:\/\/www.estudiahosteleria.com\/blog\/\",\"logo\":{\"@type\":\"ImageObject\",\"inLanguage\":\"es\",\"@id\":\"https:\/\/www.estudiahosteleria.com\/blog\/#\/schema\/logo\/image\/\",\"url\":\"https:\/\/www.estudiahosteleria.com\/blog\/wp-content\/uploads\/2018\/11\/imagen_twitter_blog_esah.jpg\",\"contentUrl\":\"https:\/\/www.estudiahosteleria.com\/blog\/wp-content\/uploads\/2018\/11\/imagen_twitter_blog_esah.jpg\",\"width\":512,\"height\":512,\"caption\":\"ESAH, Estudios Superiores Abiertos en Hosteler\u00eda\"},\"image\":{\"@id\":\"https:\/\/www.estudiahosteleria.com\/blog\/#\/schema\/logo\/image\/\"},\"sameAs\":[\"https:\/\/www.facebook.com\/CampusSEAS\",\"https:\/\/twitter.com\/Campus_SEAS\",\"https:\/\/www.instagram.com\/campus_seas\",\"http:\/\/www.linkedin.com\/company\/seas-estudios-superiores-abiertos\",\"https:\/\/www.youtube.com\/@Campus_SEAS\"]},{\"@type\":\"Person\",\"@id\":\"https:\/\/www.estudiahosteleria.com\/blog\/#\/schema\/person\/f7f9391e11113d0ed818f18383af9ca2\",\"name\":\"Ana Reb\u00f3n\",\"image\":{\"@type\":\"ImageObject\",\"inLanguage\":\"es\",\"@id\":\"https:\/\/www.estudiahosteleria.com\/blog\/#\/schema\/person\/image\/\",\"url\":\"https:\/\/secure.gravatar.com\/avatar\/9594d6208061ad1eddc95db511642fe5?s=96&r=g\",\"contentUrl\":\"https:\/\/secure.gravatar.com\/avatar\/9594d6208061ad1eddc95db511642fe5?s=96&r=g\",\"caption\":\"Ana Reb\u00f3n\"},\"description\":\"ESAH, Estudios Superiores Abiertos de Hosteler\u00eda es la escuela de restauraci\u00f3n y turismo online de referencia a nivel internacional de La Escuela de Hosteler\u00eda de Sevilla,\u00a0el Grupo Lezama, y SEAS, Estudios Superiores Abiertos (Grupo San Valero). Visita\u00a0EstudiaHosteleria.com\u00a0para consultar nuestra oferta formativa de\u00a0cursos y m\u00e1sters.\u00a0Formaci\u00f3n profesional para el empleo de calidad y accesible para todos.\",\"url\":\"https:\/\/www.estudiahosteleria.com\/blog\/author\/ana-rebon\"}]}<\/script>\n<!-- \/ Yoast SEO plugin. -->","yoast_head_json":{"title":"Gastronom\u00eda - Fiesta de San Juan: fogatas, m\u00fasica y recetas tradicionales","description":"El 23 de junio se celebra la noche de San Juan, la m\u00e1s m\u00e1gica del a\u00f1o si atendemos a la tradici\u00f3n. Coincide con el solsticio de verano en el hemisferio","robots":{"index":"index","follow":"follow","max-snippet":"max-snippet:-1","max-image-preview":"max-image-preview:large","max-video-preview":"max-video-preview:-1"},"canonical":"https:\/\/www.estudiahosteleria.com\/blog\/gastronomia\/fiesta-san-juan","og_locale":"es_ES","og_type":"article","og_title":"Gastronom\u00eda - Fiesta de San Juan: fogatas, m\u00fasica y recetas tradicionales","og_description":"El 23 de junio se celebra la noche de San Juan, la m\u00e1s m\u00e1gica del a\u00f1o si atendemos a la tradici\u00f3n. Coincide con el solsticio de verano en el hemisferio","og_url":"https:\/\/www.estudiahosteleria.com\/blog\/gastronomia\/fiesta-san-juan","og_site_name":"Blog de la Escuela ESAH","article_publisher":"https:\/\/www.facebook.com\/CampusSEAS","article_published_time":"2024-08-05T17:23:00+00:00","article_modified_time":"2024-06-05T09:41:38+00:00","og_image":[{"width":637,"height":240,"url":"https:\/\/www.estudiahosteleria.com\/blog\/wp-content\/uploads\/2024\/05\/fogata-San-Juan.jpg","type":"image\/jpeg"}],"author":"Ana Reb\u00f3n","twitter_card":"summary_large_image","twitter_creator":"@Campus_SEAS","twitter_site":"@Campus_SEAS","twitter_misc":{"Escrito por":"Ana Reb\u00f3n","Tiempo de lectura":"4 minutos"},"schema":{"@context":"https:\/\/schema.org","@graph":[{"@type":"Article","@id":"https:\/\/www.estudiahosteleria.com\/blog\/gastronomia\/fiesta-san-juan#article","isPartOf":{"@id":"https:\/\/www.estudiahosteleria.com\/blog\/gastronomia\/fiesta-san-juan"},"author":{"name":"Ana Reb\u00f3n","@id":"https:\/\/www.estudiahosteleria.com\/blog\/#\/schema\/person\/f7f9391e11113d0ed818f18383af9ca2"},"headline":"Fiesta de San Juan: fogatas, m\u00fasica y recetas tradicionales","datePublished":"2024-08-05T17:23:00+00:00","dateModified":"2024-06-05T09:41:38+00:00","mainEntityOfPage":{"@id":"https:\/\/www.estudiahosteleria.com\/blog\/gastronomia\/fiesta-san-juan"},"wordCount":707,"commentCount":1,"publisher":{"@id":"https:\/\/www.estudiahosteleria.com\/blog\/#organization"},"keywords":["master en gastronomia","recetas San Juan","San Juan"],"articleSection":["Gastronom\u00eda"],"inLanguage":"es","potentialAction":[{"@type":"CommentAction","name":"Comment","target":["https:\/\/www.estudiahosteleria.com\/blog\/gastronomia\/fiesta-san-juan#respond"]}]},{"@type":"WebPage","@id":"https:\/\/www.estudiahosteleria.com\/blog\/gastronomia\/fiesta-san-juan","url":"https:\/\/www.estudiahosteleria.com\/blog\/gastronomia\/fiesta-san-juan","name":"Gastronom\u00eda - Fiesta de San Juan: fogatas, m\u00fasica y recetas tradicionales","isPartOf":{"@id":"https:\/\/www.estudiahosteleria.com\/blog\/#website"},"datePublished":"2024-08-05T17:23:00+00:00","dateModified":"2024-06-05T09:41:38+00:00","description":"El 23 de junio se celebra la noche de San Juan, la m\u00e1s m\u00e1gica del a\u00f1o si atendemos a la tradici\u00f3n. Coincide con el solsticio de verano en el hemisferio","inLanguage":"es","potentialAction":[{"@type":"ReadAction","target":["https:\/\/www.estudiahosteleria.com\/blog\/gastronomia\/fiesta-san-juan"]}]},{"@type":"WebSite","@id":"https:\/\/www.estudiahosteleria.com\/blog\/#website","url":"https:\/\/www.estudiahosteleria.com\/blog\/","name":"Blog de la Escuela ESAH","description":"Blog de la Escuela ESAH, Estudios Superiores Abiertos de Hosteleria","publisher":{"@id":"https:\/\/www.estudiahosteleria.com\/blog\/#organization"},"potentialAction":[{"@type":"SearchAction","target":{"@type":"EntryPoint","urlTemplate":"https:\/\/www.estudiahosteleria.com\/blog\/?s={search_term_string}"},"query-input":"required name=search_term_string"}],"inLanguage":"es"},{"@type":"Organization","@id":"https:\/\/www.estudiahosteleria.com\/blog\/#organization","name":"ESAH, Estudios Superiores Abiertos en Hosteler\u00eda","url":"https:\/\/www.estudiahosteleria.com\/blog\/","logo":{"@type":"ImageObject","inLanguage":"es","@id":"https:\/\/www.estudiahosteleria.com\/blog\/#\/schema\/logo\/image\/","url":"https:\/\/www.estudiahosteleria.com\/blog\/wp-content\/uploads\/2018\/11\/imagen_twitter_blog_esah.jpg","contentUrl":"https:\/\/www.estudiahosteleria.com\/blog\/wp-content\/uploads\/2018\/11\/imagen_twitter_blog_esah.jpg","width":512,"height":512,"caption":"ESAH, Estudios Superiores Abiertos en Hosteler\u00eda"},"image":{"@id":"https:\/\/www.estudiahosteleria.com\/blog\/#\/schema\/logo\/image\/"},"sameAs":["https:\/\/www.facebook.com\/CampusSEAS","https:\/\/twitter.com\/Campus_SEAS","https:\/\/www.instagram.com\/campus_seas","http:\/\/www.linkedin.com\/company\/seas-estudios-superiores-abiertos","https:\/\/www.youtube.com\/@Campus_SEAS"]},{"@type":"Person","@id":"https:\/\/www.estudiahosteleria.com\/blog\/#\/schema\/person\/f7f9391e11113d0ed818f18383af9ca2","name":"Ana Reb\u00f3n","image":{"@type":"ImageObject","inLanguage":"es","@id":"https:\/\/www.estudiahosteleria.com\/blog\/#\/schema\/person\/image\/","url":"https:\/\/secure.gravatar.com\/avatar\/9594d6208061ad1eddc95db511642fe5?s=96&r=g","contentUrl":"https:\/\/secure.gravatar.com\/avatar\/9594d6208061ad1eddc95db511642fe5?s=96&r=g","caption":"Ana Reb\u00f3n"},"description":"ESAH, Estudios Superiores Abiertos de Hosteler\u00eda es la escuela de restauraci\u00f3n y turismo online de referencia a nivel internacional de La Escuela de Hosteler\u00eda de Sevilla,\u00a0el Grupo Lezama, y SEAS, Estudios Superiores Abiertos (Grupo San Valero). Visita\u00a0EstudiaHosteleria.com\u00a0para consultar nuestra oferta formativa de\u00a0cursos y m\u00e1sters.\u00a0Formaci\u00f3n profesional para el empleo de calidad y accesible para todos.","url":"https:\/\/www.estudiahosteleria.com\/blog\/author\/ana-rebon"}]}},"_links":{"self":[{"href":"https:\/\/www.estudiahosteleria.com\/blog\/wp-json\/wp\/v2\/posts\/17967"}],"collection":[{"href":"https:\/\/www.estudiahosteleria.com\/blog\/wp-json\/wp\/v2\/posts"}],"about":[{"href":"https:\/\/www.estudiahosteleria.com\/blog\/wp-json\/wp\/v2\/types\/post"}],"author":[{"embeddable":true,"href":"https:\/\/www.estudiahosteleria.com\/blog\/wp-json\/wp\/v2\/users\/35"}],"replies":[{"embeddable":true,"href":"https:\/\/www.estudiahosteleria.com\/blog\/wp-json\/wp\/v2\/comments?post=17967"}],"version-history":[{"count":3,"href":"https:\/\/www.estudiahosteleria.com\/blog\/wp-json\/wp\/v2\/posts\/17967\/revisions"}],"predecessor-version":[{"id":18081,"href":"https:\/\/www.estudiahosteleria.com\/blog\/wp-json\/wp\/v2\/posts\/17967\/revisions\/18081"}],"wp:featuredmedia":[{"embeddable":true,"href":"https:\/\/www.estudiahosteleria.com\/blog\/wp-json\/wp\/v2\/media\/17968"}],"wp:attachment":[{"href":"https:\/\/www.estudiahosteleria.com\/blog\/wp-json\/wp\/v2\/media?parent=17967"}],"wp:term":[{"taxonomy":"category","embeddable":true,"href":"https:\/\/www.estudiahosteleria.com\/blog\/wp-json\/wp\/v2\/categories?post=17967"},{"taxonomy":"post_tag","embeddable":true,"href":"https:\/\/www.estudiahosteleria.com\/blog\/wp-json\/wp\/v2\/tags?post=17967"}],"curies":[{"name":"wp","href":"https:\/\/api.w.org\/{rel}","templated":true}]}}