{"id":4417,"date":"2014-11-07T14:10:16","date_gmt":"2014-11-07T13:10:16","guid":{"rendered":"https:\/\/www.estudiahosteleria.com\/blog\/?p=4417"},"modified":"2018-11-13T08:59:57","modified_gmt":"2018-11-13T07:59:57","slug":"jornadas-gastronomicas-de-campo-de-belchite-2014","status":"publish","type":"post","link":"https:\/\/www.estudiahosteleria.com\/blog\/hosteleria-turismo\/jornadas-gastronomicas-de-campo-de-belchite-2014","title":{"rendered":"VIII Jornadas Gastron\u00f3micas de Campo de Belchite"},"content":{"rendered":"<p style=\"text-align: justify;\">Llega una nueva edici\u00f3n de las<strong> Jornadas Gastron\u00f3micas de Campo de Belchite<\/strong> que se celebrar\u00e1n durante todo este\u00a0mes de noviembre y cuyas actividades tendr\u00e1n\u00a0lugar en los diferentes municipios de la comarca.<\/p>\n<p style=\"text-align: justify;\">Las Jornadas Gastron\u00f3micas nacieron hace ocho a\u00f1os, en el marco del proyecto de cooperaci\u00f3n auton\u00f3mico, \u201cPon Arag\u00f3n en tu mesa\u201d, con la finalidad de dar a conocer, poner en valor y apoyar los productos agroalimentarios de la zona, congregados en la Asociaci\u00f3n Agroalimentaria de Campo de Belchite.<\/p>\n<p style=\"text-align: justify;\">Para\u00a0esta octava\u00a0edici\u00f3n han presentando un amplio programa de actividades entre las que encontraremos <strong>concursos, talleres, exposiciones o una nueva edici\u00f3n del &#8216;Ciclo de cine gastronom\u00eda y vino&#8217;<\/strong>, una forma muy popular de acercar la gastronom\u00eda al p\u00fablico. Entre los t\u00edtulos que se proyectar\u00e1n est\u00e1n <em>La receta de la felicidad, La cocinera del Presidente, Delicatessen <\/em>o<em> Fast Food Nation<\/em>.<\/p>\n<p style=\"text-align: justify;\">Las VIII Jornadas Gastron\u00f3micas buscan la participaci\u00f3n e implicaci\u00f3n de los habitantes de la comarca, por lo que han organizado eventos como el Concurso de Cocina de Asociaciones de Mujeres del Campo de Belchite o el Concurso comarcal de cocineros, en el que plato a elaborar ser\u00e1n Migas.<\/p>\n<p style=\"text-align: justify;\">Los asistentes tambi\u00e9n podr\u00e1n<strong> disfrutar de talleres de corte de jam\u00f3n o de cata de vinos<\/strong> dirigido por la Bodega Tempore situada en L\u00e9cera, adem\u00e1s de un Show Cooking con Roberto Baquero.<\/p>\n<p style=\"text-align: justify;\">A su vez, los restaurantes de la zona han desarrollado men\u00fas especiales para esta ocasi\u00f3n en los que encontraremos platos t\u00edpicos aragoneses y de la Comarca Campo de Belchite, una cita imprescindible para los amantes de la gastronom\u00eda que ha sido organizada por ADECOBEL (Asociaci\u00f3n para el Desarrollo Rural Integral de la Comarca Campo de Belchite), colaboradores de la Fundaci\u00f3n San Valero.<\/p>\n<p style=\"text-align: justify;\">M\u00e1s informaci\u00f3n e inscripciones aqu\u00ed.<\/p>\n<p><a href=\"https:\/\/www.estudiahosteleria.com\/blog\/wp-content\/uploads\/2014\/11\/imagen-jornadas-gastronmicas.jpg\" data-rel=\"lightbox-image-0\" data-rl_title=\"\" data-rl_caption=\"\" title=\"\"><img decoding=\"async\" loading=\"lazy\" class=\"wp-image-4425 aligncenter\" src=\"https:\/\/www.estudiahosteleria.com\/blog\/wp-content\/uploads\/2014\/11\/imagen-jornadas-gastronmicas.jpg\" alt=\"imagen jornadas gastronmicas\" width=\"322\" height=\"450\" srcset=\"https:\/\/www.estudiahosteleria.com\/blog\/wp-content\/uploads\/2014\/11\/imagen-jornadas-gastronmicas.jpg 591w, https:\/\/www.estudiahosteleria.com\/blog\/wp-content\/uploads\/2014\/11\/imagen-jornadas-gastronmicas-214x300.jpg 214w\" sizes=\"(max-width: 322px) 100vw, 322px\" \/><\/a><\/p>\n","protected":false},"excerpt":{"rendered":"<p>Llega una nueva edici\u00f3n de las Jornadas Gastron\u00f3micas de Campo de Belchite con talleres, concursos y mucha gastronom\u00eda.<\/p>\n","protected":false},"author":4,"featured_media":4427,"comment_status":"open","ping_status":"open","sticky":false,"template":"","format":"standard","meta":[],"categories":[553,471],"tags":[786],"yoast_head":"<!-- This site is optimized with the Yoast SEO plugin v20.11 - https:\/\/yoast.com\/wordpress\/plugins\/seo\/ -->\n<title>VIII Jornadas Gastron\u00f3micas de Campo de Belchite | ESAH<\/title>\n<meta name=\"description\" content=\"Llega una nueva edici\u00f3n de las Jornadas Gastron\u00f3micas de Campo de Belchite con talleres, concursos y mucha gastronom\u00eda.\" \/>\n<meta name=\"robots\" content=\"index, follow, max-snippet:-1, max-image-preview:large, max-video-preview:-1\" \/>\n<link rel=\"canonical\" href=\"https:\/\/www.estudiahosteleria.com\/blog\/hosteleria-turismo\/jornadas-gastronomicas-de-campo-de-belchite-2014\" \/>\n<meta property=\"og:locale\" content=\"es_ES\" \/>\n<meta property=\"og:type\" content=\"article\" \/>\n<meta property=\"og:title\" content=\"VIII Jornadas Gastron\u00f3micas de Campo de Belchite | ESAH\" \/>\n<meta property=\"og:description\" content=\"Llega una nueva edici\u00f3n de las Jornadas Gastron\u00f3micas de Campo de Belchite con talleres, concursos y mucha gastronom\u00eda.\" \/>\n<meta property=\"og:url\" content=\"https:\/\/www.estudiahosteleria.com\/blog\/hosteleria-turismo\/jornadas-gastronomicas-de-campo-de-belchite-2014\" \/>\n<meta property=\"og:site_name\" content=\"Blog de la Escuela ESAH\" \/>\n<meta property=\"article:publisher\" content=\"https:\/\/www.facebook.com\/CampusSEAS\" \/>\n<meta property=\"article:author\" content=\"https:\/\/www.facebook.com\/ESAHEstudiosSuperioresAbiertosdeHosteleria\" \/>\n<meta property=\"article:published_time\" content=\"2014-11-07T13:10:16+00:00\" \/>\n<meta property=\"article:modified_time\" content=\"2018-11-13T07:59:57+00:00\" \/>\n<meta property=\"og:image\" content=\"https:\/\/www.estudiahosteleria.com\/blog\/wp-content\/uploads\/2014\/11\/jornadas-gastronomicas.jpg\" \/>\n\t<meta property=\"og:image:width\" content=\"637\" \/>\n\t<meta property=\"og:image:height\" content=\"240\" \/>\n\t<meta property=\"og:image:type\" content=\"image\/jpeg\" \/>\n<meta name=\"author\" content=\"ESAH, Estudios Superiores Abiertos de Hosteleria\" \/>\n<meta name=\"twitter:card\" content=\"summary_large_image\" \/>\n<meta name=\"twitter:creator\" content=\"@ESAH_Hosteleria\" \/>\n<meta name=\"twitter:site\" content=\"@Campus_SEAS\" \/>\n<meta name=\"twitter:label1\" content=\"Escrito por\" \/>\n\t<meta name=\"twitter:data1\" content=\"ESAH, Estudios Superiores Abiertos de Hosteleria\" \/>\n\t<meta name=\"twitter:label2\" content=\"Tiempo de lectura\" \/>\n\t<meta name=\"twitter:data2\" content=\"2 minutos\" \/>\n<script type=\"application\/ld+json\" class=\"yoast-schema-graph\">{\"@context\":\"https:\/\/schema.org\",\"@graph\":[{\"@type\":\"Article\",\"@id\":\"https:\/\/www.estudiahosteleria.com\/blog\/hosteleria-turismo\/jornadas-gastronomicas-de-campo-de-belchite-2014#article\",\"isPartOf\":{\"@id\":\"https:\/\/www.estudiahosteleria.com\/blog\/hosteleria-turismo\/jornadas-gastronomicas-de-campo-de-belchite-2014\"},\"author\":{\"name\":\"ESAH, Estudios Superiores Abiertos de Hosteleria\",\"@id\":\"https:\/\/www.estudiahosteleria.com\/blog\/#\/schema\/person\/712feeb21ab3b9d191082f4d83345860\"},\"headline\":\"VIII Jornadas Gastron\u00f3micas de Campo de Belchite\",\"datePublished\":\"2014-11-07T13:10:16+00:00\",\"dateModified\":\"2018-11-13T07:59:57+00:00\",\"mainEntityOfPage\":{\"@id\":\"https:\/\/www.estudiahosteleria.com\/blog\/hosteleria-turismo\/jornadas-gastronomicas-de-campo-de-belchite-2014\"},\"wordCount\":330,\"commentCount\":0,\"publisher\":{\"@id\":\"https:\/\/www.estudiahosteleria.com\/blog\/#organization\"},\"keywords\":[\"jornadas gastronomicas\"],\"articleSection\":[\"Gastronom\u00eda\",\"Hosteler\u00eda y turismo\"],\"inLanguage\":\"es\",\"potentialAction\":[{\"@type\":\"CommentAction\",\"name\":\"Comment\",\"target\":[\"https:\/\/www.estudiahosteleria.com\/blog\/hosteleria-turismo\/jornadas-gastronomicas-de-campo-de-belchite-2014#respond\"]}]},{\"@type\":\"WebPage\",\"@id\":\"https:\/\/www.estudiahosteleria.com\/blog\/hosteleria-turismo\/jornadas-gastronomicas-de-campo-de-belchite-2014\",\"url\":\"https:\/\/www.estudiahosteleria.com\/blog\/hosteleria-turismo\/jornadas-gastronomicas-de-campo-de-belchite-2014\",\"name\":\"VIII Jornadas Gastron\u00f3micas de Campo de Belchite | ESAH\",\"isPartOf\":{\"@id\":\"https:\/\/www.estudiahosteleria.com\/blog\/#website\"},\"datePublished\":\"2014-11-07T13:10:16+00:00\",\"dateModified\":\"2018-11-13T07:59:57+00:00\",\"description\":\"Llega una nueva edici\u00f3n de las Jornadas Gastron\u00f3micas de Campo de Belchite con talleres, concursos y mucha gastronom\u00eda.\",\"inLanguage\":\"es\",\"potentialAction\":[{\"@type\":\"ReadAction\",\"target\":[\"https:\/\/www.estudiahosteleria.com\/blog\/hosteleria-turismo\/jornadas-gastronomicas-de-campo-de-belchite-2014\"]}]},{\"@type\":\"WebSite\",\"@id\":\"https:\/\/www.estudiahosteleria.com\/blog\/#website\",\"url\":\"https:\/\/www.estudiahosteleria.com\/blog\/\",\"name\":\"Blog de la Escuela ESAH\",\"description\":\"Blog de la Escuela ESAH, Estudios Superiores Abiertos de Hosteleria\",\"publisher\":{\"@id\":\"https:\/\/www.estudiahosteleria.com\/blog\/#organization\"},\"potentialAction\":[{\"@type\":\"SearchAction\",\"target\":{\"@type\":\"EntryPoint\",\"urlTemplate\":\"https:\/\/www.estudiahosteleria.com\/blog\/?s={search_term_string}\"},\"query-input\":\"required name=search_term_string\"}],\"inLanguage\":\"es\"},{\"@type\":\"Organization\",\"@id\":\"https:\/\/www.estudiahosteleria.com\/blog\/#organization\",\"name\":\"ESAH, Estudios Superiores Abiertos en Hosteler\u00eda\",\"url\":\"https:\/\/www.estudiahosteleria.com\/blog\/\",\"logo\":{\"@type\":\"ImageObject\",\"inLanguage\":\"es\",\"@id\":\"https:\/\/www.estudiahosteleria.com\/blog\/#\/schema\/logo\/image\/\",\"url\":\"https:\/\/www.estudiahosteleria.com\/blog\/wp-content\/uploads\/2018\/11\/imagen_twitter_blog_esah.jpg\",\"contentUrl\":\"https:\/\/www.estudiahosteleria.com\/blog\/wp-content\/uploads\/2018\/11\/imagen_twitter_blog_esah.jpg\",\"width\":512,\"height\":512,\"caption\":\"ESAH, Estudios Superiores Abiertos en Hosteler\u00eda\"},\"image\":{\"@id\":\"https:\/\/www.estudiahosteleria.com\/blog\/#\/schema\/logo\/image\/\"},\"sameAs\":[\"https:\/\/www.facebook.com\/CampusSEAS\",\"https:\/\/twitter.com\/Campus_SEAS\",\"https:\/\/www.instagram.com\/campus_seas\",\"http:\/\/www.linkedin.com\/company\/seas-estudios-superiores-abiertos\",\"https:\/\/www.youtube.com\/@Campus_SEAS\"]},{\"@type\":\"Person\",\"@id\":\"https:\/\/www.estudiahosteleria.com\/blog\/#\/schema\/person\/712feeb21ab3b9d191082f4d83345860\",\"name\":\"ESAH, Estudios Superiores Abiertos de Hosteleria\",\"image\":{\"@type\":\"ImageObject\",\"inLanguage\":\"es\",\"@id\":\"https:\/\/www.estudiahosteleria.com\/blog\/#\/schema\/person\/image\/\",\"url\":\"https:\/\/secure.gravatar.com\/avatar\/83814facda0759415a9a00ab271a1a26?s=96&r=g\",\"contentUrl\":\"https:\/\/secure.gravatar.com\/avatar\/83814facda0759415a9a00ab271a1a26?s=96&r=g\",\"caption\":\"ESAH, Estudios Superiores Abiertos de Hosteleria\"},\"description\":\"ESAH, Estudios Superiores Abiertos de Hosteler\u00eda es la escuela de restauraci\u00f3n y turismo online de referencia a nivel internacional de La Escuela de Hosteler\u00eda de Sevilla,\u00a0el Grupo Lezama, y SEAS, Estudios Superiores Abiertos (Grupo San Valero). Visita\u00a0EstudiaHosteleria.com\u00a0para consultar nuestra oferta formativa de\u00a0cursos y m\u00e1sters.\u00a0Formaci\u00f3n profesional para el empleo de calidad y accesible para todos.\",\"sameAs\":[\"https:\/\/www.estudiahosteleria.com\",\"https:\/\/www.facebook.com\/ESAHEstudiosSuperioresAbiertosdeHosteleria\",\"https:\/\/twitter.com\/ESAH_Hosteleria\"],\"url\":\"https:\/\/www.estudiahosteleria.com\/blog\/author\/adminseas\"}]}<\/script>\n<!-- \/ Yoast SEO plugin. -->","yoast_head_json":{"title":"VIII Jornadas Gastron\u00f3micas de Campo de Belchite | ESAH","description":"Llega una nueva edici\u00f3n de las Jornadas Gastron\u00f3micas de Campo de Belchite con talleres, concursos y mucha gastronom\u00eda.","robots":{"index":"index","follow":"follow","max-snippet":"max-snippet:-1","max-image-preview":"max-image-preview:large","max-video-preview":"max-video-preview:-1"},"canonical":"https:\/\/www.estudiahosteleria.com\/blog\/hosteleria-turismo\/jornadas-gastronomicas-de-campo-de-belchite-2014","og_locale":"es_ES","og_type":"article","og_title":"VIII Jornadas Gastron\u00f3micas de Campo de Belchite | ESAH","og_description":"Llega una nueva edici\u00f3n de las Jornadas Gastron\u00f3micas de Campo de Belchite con talleres, concursos y mucha gastronom\u00eda.","og_url":"https:\/\/www.estudiahosteleria.com\/blog\/hosteleria-turismo\/jornadas-gastronomicas-de-campo-de-belchite-2014","og_site_name":"Blog de la Escuela ESAH","article_publisher":"https:\/\/www.facebook.com\/CampusSEAS","article_author":"https:\/\/www.facebook.com\/ESAHEstudiosSuperioresAbiertosdeHosteleria","article_published_time":"2014-11-07T13:10:16+00:00","article_modified_time":"2018-11-13T07:59:57+00:00","og_image":[{"width":637,"height":240,"url":"https:\/\/www.estudiahosteleria.com\/blog\/wp-content\/uploads\/2014\/11\/jornadas-gastronomicas.jpg","type":"image\/jpeg"}],"author":"ESAH, Estudios Superiores Abiertos de Hosteleria","twitter_card":"summary_large_image","twitter_creator":"@ESAH_Hosteleria","twitter_site":"@Campus_SEAS","twitter_misc":{"Escrito por":"ESAH, Estudios Superiores Abiertos de Hosteleria","Tiempo de lectura":"2 minutos"},"schema":{"@context":"https:\/\/schema.org","@graph":[{"@type":"Article","@id":"https:\/\/www.estudiahosteleria.com\/blog\/hosteleria-turismo\/jornadas-gastronomicas-de-campo-de-belchite-2014#article","isPartOf":{"@id":"https:\/\/www.estudiahosteleria.com\/blog\/hosteleria-turismo\/jornadas-gastronomicas-de-campo-de-belchite-2014"},"author":{"name":"ESAH, Estudios Superiores Abiertos de Hosteleria","@id":"https:\/\/www.estudiahosteleria.com\/blog\/#\/schema\/person\/712feeb21ab3b9d191082f4d83345860"},"headline":"VIII Jornadas Gastron\u00f3micas de Campo de Belchite","datePublished":"2014-11-07T13:10:16+00:00","dateModified":"2018-11-13T07:59:57+00:00","mainEntityOfPage":{"@id":"https:\/\/www.estudiahosteleria.com\/blog\/hosteleria-turismo\/jornadas-gastronomicas-de-campo-de-belchite-2014"},"wordCount":330,"commentCount":0,"publisher":{"@id":"https:\/\/www.estudiahosteleria.com\/blog\/#organization"},"keywords":["jornadas gastronomicas"],"articleSection":["Gastronom\u00eda","Hosteler\u00eda y turismo"],"inLanguage":"es","potentialAction":[{"@type":"CommentAction","name":"Comment","target":["https:\/\/www.estudiahosteleria.com\/blog\/hosteleria-turismo\/jornadas-gastronomicas-de-campo-de-belchite-2014#respond"]}]},{"@type":"WebPage","@id":"https:\/\/www.estudiahosteleria.com\/blog\/hosteleria-turismo\/jornadas-gastronomicas-de-campo-de-belchite-2014","url":"https:\/\/www.estudiahosteleria.com\/blog\/hosteleria-turismo\/jornadas-gastronomicas-de-campo-de-belchite-2014","name":"VIII Jornadas Gastron\u00f3micas de Campo de Belchite | ESAH","isPartOf":{"@id":"https:\/\/www.estudiahosteleria.com\/blog\/#website"},"datePublished":"2014-11-07T13:10:16+00:00","dateModified":"2018-11-13T07:59:57+00:00","description":"Llega una nueva edici\u00f3n de las Jornadas Gastron\u00f3micas de Campo de Belchite con talleres, concursos y mucha gastronom\u00eda.","inLanguage":"es","potentialAction":[{"@type":"ReadAction","target":["https:\/\/www.estudiahosteleria.com\/blog\/hosteleria-turismo\/jornadas-gastronomicas-de-campo-de-belchite-2014"]}]},{"@type":"WebSite","@id":"https:\/\/www.estudiahosteleria.com\/blog\/#website","url":"https:\/\/www.estudiahosteleria.com\/blog\/","name":"Blog de la Escuela ESAH","description":"Blog de la Escuela ESAH, Estudios Superiores Abiertos de Hosteleria","publisher":{"@id":"https:\/\/www.estudiahosteleria.com\/blog\/#organization"},"potentialAction":[{"@type":"SearchAction","target":{"@type":"EntryPoint","urlTemplate":"https:\/\/www.estudiahosteleria.com\/blog\/?s={search_term_string}"},"query-input":"required name=search_term_string"}],"inLanguage":"es"},{"@type":"Organization","@id":"https:\/\/www.estudiahosteleria.com\/blog\/#organization","name":"ESAH, Estudios Superiores Abiertos en Hosteler\u00eda","url":"https:\/\/www.estudiahosteleria.com\/blog\/","logo":{"@type":"ImageObject","inLanguage":"es","@id":"https:\/\/www.estudiahosteleria.com\/blog\/#\/schema\/logo\/image\/","url":"https:\/\/www.estudiahosteleria.com\/blog\/wp-content\/uploads\/2018\/11\/imagen_twitter_blog_esah.jpg","contentUrl":"https:\/\/www.estudiahosteleria.com\/blog\/wp-content\/uploads\/2018\/11\/imagen_twitter_blog_esah.jpg","width":512,"height":512,"caption":"ESAH, Estudios Superiores Abiertos en Hosteler\u00eda"},"image":{"@id":"https:\/\/www.estudiahosteleria.com\/blog\/#\/schema\/logo\/image\/"},"sameAs":["https:\/\/www.facebook.com\/CampusSEAS","https:\/\/twitter.com\/Campus_SEAS","https:\/\/www.instagram.com\/campus_seas","http:\/\/www.linkedin.com\/company\/seas-estudios-superiores-abiertos","https:\/\/www.youtube.com\/@Campus_SEAS"]},{"@type":"Person","@id":"https:\/\/www.estudiahosteleria.com\/blog\/#\/schema\/person\/712feeb21ab3b9d191082f4d83345860","name":"ESAH, Estudios Superiores Abiertos de Hosteleria","image":{"@type":"ImageObject","inLanguage":"es","@id":"https:\/\/www.estudiahosteleria.com\/blog\/#\/schema\/person\/image\/","url":"https:\/\/secure.gravatar.com\/avatar\/83814facda0759415a9a00ab271a1a26?s=96&r=g","contentUrl":"https:\/\/secure.gravatar.com\/avatar\/83814facda0759415a9a00ab271a1a26?s=96&r=g","caption":"ESAH, Estudios Superiores Abiertos de Hosteleria"},"description":"ESAH, Estudios Superiores Abiertos de Hosteler\u00eda es la escuela de restauraci\u00f3n y turismo online de referencia a nivel internacional de La Escuela de Hosteler\u00eda de Sevilla,\u00a0el Grupo Lezama, y SEAS, Estudios Superiores Abiertos (Grupo San Valero). Visita\u00a0EstudiaHosteleria.com\u00a0para consultar nuestra oferta formativa de\u00a0cursos y m\u00e1sters.\u00a0Formaci\u00f3n profesional para el empleo de calidad y accesible para todos.","sameAs":["https:\/\/www.estudiahosteleria.com","https:\/\/www.facebook.com\/ESAHEstudiosSuperioresAbiertosdeHosteleria","https:\/\/twitter.com\/ESAH_Hosteleria"],"url":"https:\/\/www.estudiahosteleria.com\/blog\/author\/adminseas"}]}},"_links":{"self":[{"href":"https:\/\/www.estudiahosteleria.com\/blog\/wp-json\/wp\/v2\/posts\/4417"}],"collection":[{"href":"https:\/\/www.estudiahosteleria.com\/blog\/wp-json\/wp\/v2\/posts"}],"about":[{"href":"https:\/\/www.estudiahosteleria.com\/blog\/wp-json\/wp\/v2\/types\/post"}],"author":[{"embeddable":true,"href":"https:\/\/www.estudiahosteleria.com\/blog\/wp-json\/wp\/v2\/users\/4"}],"replies":[{"embeddable":true,"href":"https:\/\/www.estudiahosteleria.com\/blog\/wp-json\/wp\/v2\/comments?post=4417"}],"version-history":[{"count":3,"href":"https:\/\/www.estudiahosteleria.com\/blog\/wp-json\/wp\/v2\/posts\/4417\/revisions"}],"predecessor-version":[{"id":10154,"href":"https:\/\/www.estudiahosteleria.com\/blog\/wp-json\/wp\/v2\/posts\/4417\/revisions\/10154"}],"wp:featuredmedia":[{"embeddable":true,"href":"https:\/\/www.estudiahosteleria.com\/blog\/wp-json\/wp\/v2\/media\/4427"}],"wp:attachment":[{"href":"https:\/\/www.estudiahosteleria.com\/blog\/wp-json\/wp\/v2\/media?parent=4417"}],"wp:term":[{"taxonomy":"category","embeddable":true,"href":"https:\/\/www.estudiahosteleria.com\/blog\/wp-json\/wp\/v2\/categories?post=4417"},{"taxonomy":"post_tag","embeddable":true,"href":"https:\/\/www.estudiahosteleria.com\/blog\/wp-json\/wp\/v2\/tags?post=4417"}],"curies":[{"name":"wp","href":"https:\/\/api.w.org\/{rel}","templated":true}]}}